{"id":70125,"date":"2015-05-12T19:49:45","date_gmt":"2015-05-12T22:49:45","guid":{"rendered":"http:\/\/www.redenoticia.com.br\/noticia\/?p=70125"},"modified":"2015-05-12T19:49:45","modified_gmt":"2015-05-12T22:49:45","slug":"aumenta-interesse-do-brasileiro-por-viagens-nacionais","status":"publish","type":"post","link":"https:\/\/www.redenoticia.com.br\/noticia\/2015\/aumenta-interesse-do-brasileiro-por-viagens-nacionais\/70125","title":{"rendered":"Aumenta interesse do brasileiro por viagens nacionais"},"content":{"rendered":"<p> O brasileiro est\u00e1 mais interessado em viajar pelo pr\u00f3prio pa\u00eds. Segundo o levantamento de Minist\u00e9rio do <strong><em>Turismo<\/em><\/strong> e da Funda\u00e7\u00e3o Getulio Vargas (FGV), 23% dos entrevistados pretendem viajar nos pr\u00f3ximos seis meses. Desse grupo, 77,4% devem ir a destinos nacionais \u2013 maior n\u00famero registrado para abril dos \u00faltimos dez anos. Os demais 19,5% devem viajar a destinos internacionais e 3,1% n\u00e3o decidiram para onde v\u00e3o.<\/p>\n<p>O boletim Sondagem do Consumidor \u2013 Inten\u00e7\u00e3o de Viagem aponta ainda que, do total de interessados em viajar pelo Brasil, 47,3% quer ir para o Nordeste; 25,6% para a Regi\u00e3o Sudeste; 14,3% para o Sul do pa\u00eds; 7,4% para a Regi\u00e3o Norte; e 5,4% para o Centro-Oeste.<\/p>\n<p>Para o ministro do Turismo, Henrique Eduardo Alves, o interesse dos brasileiros em conhecer mais o pa\u00eds se deve \u00e0 alta do d\u00f3lar, \u00e0 quantidade de feriados no ano e \u00e0 melhor infraestrutura dos aeroportos,  muitos reformados por causa da Copa do Mundo.<\/p>\n<p>\u201cAquilo que era muito caro no Brasil \u2013 passagens a\u00e9reas, hot\u00e9is \u2013 e l\u00e1 fora era mais barato, inverteu-se. L\u00e1 fora ficou muito caro, por causa do d\u00f3lar\u201d, disse \u00e0 Ag\u00eancia Brasil. Para o ministro, esses fatores mostram a necessidade de ampliar os investimentos na infraestrutura tur\u00edstica e na divulga\u00e7\u00e3o dos locais para visita\u00e7\u00e3o.<\/p>\n<p>\u201cO turismo \u00e9, nessa hora, o vetor mais r\u00e1pido da economia brasileira para gerar emprego e renda. Com a imensa capilaridade que tem, todos os segmentos s\u00e3o atendidos pelo turismo, em todos os cantos do Brasil. Temos que lutar para que o turismo fa\u00e7a parte da agenda econ\u00f4mica, social e pol\u00edtica do Brasil\u201d, afirmou Alves.<\/p>\n<p>Quanto ao Nordeste, destino escolhido pela maioria dos turistas, o ministro reconheceu que o principal desafio \u00e9 melhorar a seguran\u00e7a. \u201cA quest\u00e3o b\u00e1sica em rela\u00e7\u00e3o ao Nordeste \u00e9 a da seguran\u00e7a. N\u00e3o tem turismo sem seguran\u00e7a. S\u00e3o dois caminhos que precisam ser trilhados juntos. O turista quer seguran\u00e7a, um aspecto que temos que focar muito.&#8221;<\/p>\n<p>Mais de 62 milh\u00f5es de turistas realizaram 206 milh\u00f5es de viagens no ano passado pelo Brasil. S\u00f3 com os feriados prolongados deste ano, o impacto global na ind\u00fastria brasileira de viagens e turismo chegar\u00e1 a R$ 18,66 bilh\u00f5es com a realiza\u00e7\u00e3o de 10,9 milh\u00f5es de viagens dom\u00e9sticas extras, segundo estimativas do minist\u00e9rio.<\/p>\n<p>A pesquisa Sondagem do Consumidor \u2013 Inten\u00e7\u00e3o de Viagem \u00e9 realizada mensalmente com 2 mil pessoas em Belo Horizonte, Bras\u00edlia, Porto Alegre, Recife, Rio de Janeiro, Salvador e S\u00e3o Paulo \u2013 capitais que concentram 70% do fluxo tur\u00edstico do Brasil.<\/p>\n<p>Da Ag\u00eancia Brasil<br \/>\nEdi\u00e7\u00e3o: Denise Griesinger<\/p>\n","protected":false},"excerpt":{"rendered":"<p>O brasileiro est\u00e1 mais interessado em viajar pelo pr\u00f3prio pa\u00eds. Segundo o levantamento de Minist\u00e9rio do Turismo e da Funda\u00e7\u00e3o Getulio Vargas (FGV), 23% dos entrevistados pretendem viajar nos pr\u00f3ximos seis meses. Desse grupo, 77,4% devem ir a destinos nacionais \u2013 maior n\u00famero registrado para abril dos \u00faltimos dez anos. Os demais 19,5% devem viajar [&hellip;]<\/p>\n","protected":false},"author":2,"featured_media":41101,"comment_status":"open","ping_status":"closed","sticky":false,"template":"","format":"standard","meta":{"_genesis_hide_title":false,"_genesis_hide_breadcrumbs":false,"_genesis_hide_singular_image":false,"_genesis_hide_footer_widgets":false,"_genesis_custom_body_class":"","_genesis_custom_post_class":"","_genesis_layout":"","_jetpack_memberships_contains_paid_content":false,"footnotes":""},"categories":[22],"tags":[],"class_list":{"0":"post-70125","1":"post","2":"type-post","3":"status-publish","4":"format-standard","5":"has-post-thumbnail","7":"category-brasil","8":"entry","9":"gs-1","10":"gs-odd","11":"gs-even","12":"gs-featured-content-entry"},"jetpack_featured_media_url":"https:\/\/www.redenoticia.com.br\/noticia\/imagens\/praia-balneario.jpg","jetpack_sharing_enabled":true,"jetpack_likes_enabled":true,"_links":{"self":[{"href":"https:\/\/www.redenoticia.com.br\/noticia\/wp-json\/wp\/v2\/posts\/70125","targetHints":{"allow":["GET"]}}],"collection":[{"href":"https:\/\/www.redenoticia.com.br\/noticia\/wp-json\/wp\/v2\/posts"}],"about":[{"href":"https:\/\/www.redenoticia.com.br\/noticia\/wp-json\/wp\/v2\/types\/post"}],"author":[{"embeddable":true,"href":"https:\/\/www.redenoticia.com.br\/noticia\/wp-json\/wp\/v2\/users\/2"}],"replies":[{"embeddable":true,"href":"https:\/\/www.redenoticia.com.br\/noticia\/wp-json\/wp\/v2\/comments?post=70125"}],"version-history":[{"count":0,"href":"https:\/\/www.redenoticia.com.br\/noticia\/wp-json\/wp\/v2\/posts\/70125\/revisions"}],"wp:featuredmedia":[{"embeddable":true,"href":"https:\/\/www.redenoticia.com.br\/noticia\/wp-json\/wp\/v2\/media\/41101"}],"wp:attachment":[{"href":"https:\/\/www.redenoticia.com.br\/noticia\/wp-json\/wp\/v2\/media?parent=70125"}],"wp:term":[{"taxonomy":"category","embeddable":true,"href":"https:\/\/www.redenoticia.com.br\/noticia\/wp-json\/wp\/v2\/categories?post=70125"},{"taxonomy":"post_tag","embeddable":true,"href":"https:\/\/www.redenoticia.com.br\/noticia\/wp-json\/wp\/v2\/tags?post=70125"}],"curies":[{"name":"wp","href":"https:\/\/api.w.org\/{rel}","templated":true}]}}