{"id":70085,"date":"2015-05-11T19:52:27","date_gmt":"2015-05-11T22:52:27","guid":{"rendered":"http:\/\/www.redenoticia.com.br\/noticia\/?p=70085"},"modified":"2015-05-11T19:52:27","modified_gmt":"2015-05-11T22:52:27","slug":"mercado-financeiro-preve-inflacao-de-829-para-2015","status":"publish","type":"post","link":"https:\/\/www.redenoticia.com.br\/noticia\/2015\/mercado-financeiro-preve-inflacao-de-829-para-2015\/70085","title":{"rendered":"Mercado financeiro prev\u00ea infla\u00e7\u00e3o de 8,29% para 2015"},"content":{"rendered":"<p>A <em><strong>infla\u00e7\u00e3o<\/strong><\/em> medida pelo \u00cdndice Nacional de Pre\u00e7os ao Consumidor Amplo (IPCA) deve terminar 2015 em 8,29%, na avalia\u00e7\u00e3o de analistas e investidores do mercado financeiro. A estimativa est\u00e1 no boletim Focus, pesquisa semanal com institui\u00e7\u00f5es financeiras divulgada pelo Banco Central (BC).<\/p>\n<p>A proje\u00e7\u00e3o para o IPCA variou 0,03 ponto percentual em compara\u00e7\u00e3o \u00e0 taxa de 8,26% da semana anterior. Para os pre\u00e7os administrados \u2013 que s\u00e3o os regulados pelo governo ou contrato, como o da gasolina e energia \u2013 \u00e9 prevista alta de 13,2%, acima da proje\u00e7\u00e3o de 13,06% da semana anterior. Para 2016, analistas reduziram a previs\u00e3o do IPCA de 5,6% para 5,51%.<\/p>\n<p>O IPCA, calculado pelo Institudo Brasileiro de Geografia e Estat\u00edstica (IBGE), mede a infla\u00e7\u00e3o de produtos e servi\u00e7os comercializados no varejo, referentes ao consumo pessoal das fam\u00edlias, com rendimento de um a 40 sal\u00e1rios m\u00ednimos. Desde junho de 1999, o IPCA \u00e9 o \u00edndice usado pelo Banco Central para o acompanhamento dos objetivos estabelecidos no sistema de metas de infla\u00e7\u00e3o.<\/p>\n<p>A pesquisa prev\u00ea ainda para este ano atividade econ\u00f4mica ligeiramente mais retra\u00edda do que na pesquisa anterior. Os analistas mudaram a proje\u00e7\u00e3o para o Produto Interno Bruto (PIB, soma dos bens e riquezas produzidos em um pa\u00eds), de queda de 1,18% para retra\u00e7\u00e3o de 1,2%. A proje\u00e7\u00e3o de queda especificamente para a produ\u00e7\u00e3o industrial foi mantida em 2,5%.<\/p>\n<p>A estimativa para o c\u00e2mbio ao fim de 2015 permaneceu em R$ 3,20. A previs\u00e3o de fechamento da Selic, taxa b\u00e1sica de juros da economia, tamb\u00e9m continua igual, em 13,5% ao ano. Atualmente, a Selic est\u00e1 em 13,25% ao ano.<\/p>\n<p>A estimativa da d\u00edvida l\u00edquida do setor p\u00fablico ficou em 37,95% do PIB. A proje\u00e7\u00e3o do d\u00e9ficit em conta-corrente, que mede a qualidade das contas externas, elevou-se de US$ 78,5 bilh\u00f5es para US$ 80 bilh\u00f5es. O saldo projetado para a balan\u00e7a comercial passou de US$ 4,02 bilh\u00f5es para US$ 3 bilh\u00f5es. Os investimentos estrangeiros estimados subiram de US$ 57,5 bilh\u00f5es para US$ 59 bilh\u00f5es.<\/p>\n<p>Mariana Branco &#8211; Rep\u00f3rter da Ag\u00eancia Brasil<br \/>\nEdi\u00e7\u00e3o: Jos\u00e9 Romildo<\/p>\n","protected":false},"excerpt":{"rendered":"<p>A infla\u00e7\u00e3o medida pelo \u00cdndice Nacional de Pre\u00e7os ao Consumidor Amplo (IPCA) deve terminar 2015 em 8,29%, na avalia\u00e7\u00e3o de analistas e investidores do mercado financeiro. A estimativa est\u00e1 no boletim Focus, pesquisa semanal com institui\u00e7\u00f5es financeiras divulgada pelo Banco Central (BC). A proje\u00e7\u00e3o para o IPCA variou 0,03 ponto percentual em compara\u00e7\u00e3o \u00e0 taxa [&hellip;]<\/p>\n","protected":false},"author":2,"featured_media":57583,"comment_status":"open","ping_status":"closed","sticky":false,"template":"","format":"standard","meta":{"_genesis_hide_title":false,"_genesis_hide_breadcrumbs":false,"_genesis_hide_singular_image":false,"_genesis_hide_footer_widgets":false,"_genesis_custom_body_class":"","_genesis_custom_post_class":"","_genesis_layout":"","_jetpack_memberships_contains_paid_content":false,"footnotes":""},"categories":[22,7],"tags":[],"class_list":{"0":"post-70085","1":"post","2":"type-post","3":"status-publish","4":"format-standard","5":"has-post-thumbnail","7":"category-brasil","8":"category-economia","9":"entry","10":"gs-1","11":"gs-odd","12":"gs-even","13":"gs-featured-content-entry"},"jetpack_featured_media_url":"https:\/\/www.redenoticia.com.br\/noticia\/imagens\/economia-grafico.jpg","jetpack_sharing_enabled":true,"jetpack_likes_enabled":true,"_links":{"self":[{"href":"https:\/\/www.redenoticia.com.br\/noticia\/wp-json\/wp\/v2\/posts\/70085","targetHints":{"allow":["GET"]}}],"collection":[{"href":"https:\/\/www.redenoticia.com.br\/noticia\/wp-json\/wp\/v2\/posts"}],"about":[{"href":"https:\/\/www.redenoticia.com.br\/noticia\/wp-json\/wp\/v2\/types\/post"}],"author":[{"embeddable":true,"href":"https:\/\/www.redenoticia.com.br\/noticia\/wp-json\/wp\/v2\/users\/2"}],"replies":[{"embeddable":true,"href":"https:\/\/www.redenoticia.com.br\/noticia\/wp-json\/wp\/v2\/comments?post=70085"}],"version-history":[{"count":0,"href":"https:\/\/www.redenoticia.com.br\/noticia\/wp-json\/wp\/v2\/posts\/70085\/revisions"}],"wp:featuredmedia":[{"embeddable":true,"href":"https:\/\/www.redenoticia.com.br\/noticia\/wp-json\/wp\/v2\/media\/57583"}],"wp:attachment":[{"href":"https:\/\/www.redenoticia.com.br\/noticia\/wp-json\/wp\/v2\/media?parent=70085"}],"wp:term":[{"taxonomy":"category","embeddable":true,"href":"https:\/\/www.redenoticia.com.br\/noticia\/wp-json\/wp\/v2\/categories?post=70085"},{"taxonomy":"post_tag","embeddable":true,"href":"https:\/\/www.redenoticia.com.br\/noticia\/wp-json\/wp\/v2\/tags?post=70085"}],"curies":[{"name":"wp","href":"https:\/\/api.w.org\/{rel}","templated":true}]}}