{"id":70083,"date":"2015-05-11T19:50:30","date_gmt":"2015-05-11T22:50:30","guid":{"rendered":"http:\/\/www.redenoticia.com.br\/noticia\/?p=70083"},"modified":"2015-05-11T19:50:30","modified_gmt":"2015-05-11T22:50:30","slug":"chuvas-ajudam-a-elevar-nivel-do-sistema-cantareira","status":"publish","type":"post","link":"https:\/\/www.redenoticia.com.br\/noticia\/2015\/chuvas-ajudam-a-elevar-nivel-do-sistema-cantareira\/70083","title":{"rendered":"Chuvas ajudam a elevar n\u00edvel do Sistema Cantareira"},"content":{"rendered":"<p>O <strong><em>Sistema Cantareira<\/em><\/strong> apresentou recupera\u00e7\u00e3o no volume armazenado. Com a alta de 0,2 ponto percentual, o n\u00edvel atual representa 19,7% da capacidade \u00fatil dos reservat\u00f3rios.<\/p>\n<p>As represas, no entanto, ainda operam nas reservas t\u00e9cnicas. Para ultrapassar a marca do volume morto o sistema precisa subir 9,5 pontos percentuais, o equivalente a 93,7 bilh\u00f5es de litros de \u00e1gua.<\/p>\n<p>As chuvas tamb\u00e9m ajudaram a elevar os n\u00edveis de outros mananciais que abastecem a Grande S\u00e3o Paulo. O Sistema Alto Tiet\u00ea subiu 0,3 ponto percentual e opera com 22,9% da capacidade. O Sistema Guarapiranga saiu de 80,9% da capacidade para 81,8%. O Alto Cotia teve eleva\u00e7\u00e3o de 0,9 ponto percentual e est\u00e1 com 66,4% da capacidade. O n\u00edvel do Sistema Rio Grande passou de 94,8% para 95,6%. O Sistema Rio Claro subiu 0,6 ponto percentual e est\u00e1 com 53,3% da capacidade.<\/p>\n<p>Daniel Mello \u2013 Rep\u00f3rter da Ag\u00eancia Brasil Edi\u00e7\u00e3o: Denise Griesinger<\/p>\n<p>&#8212;<br \/>\nA Empresa Brasil de Comunica\u00e7\u00e3o \u00e9 uma institui\u00e7\u00e3o da democracia brasileira: p\u00fablica, inclusiva e cidad\u00e3.  Criada em 2007 para fortalecer o sistema p\u00fablico de comunica\u00e7\u00e3o, \u00e9 gestora dos canais TV Brasil, TV Brasil Internacional, Ag\u00eancia Brasil, Radioag\u00eancia Nacional e do sistema p\u00fablico de R\u00e1dio \u2013 composto por oito emissoras. Estes, por sua independ\u00eancia editorial, distinguem-se dos canais estatais ou governamentais, com conte\u00fados diferenciados e complementares aos canais privados. Os ve\u00edculos da EBC t\u00eam autonomia para definir produ\u00e7\u00e3o, programa\u00e7\u00e3o e distribui\u00e7\u00e3o de conte\u00fados.<\/p>\n","protected":false},"excerpt":{"rendered":"<p>O Sistema Cantareira apresentou recupera\u00e7\u00e3o no volume armazenado. Com a alta de 0,2 ponto percentual, o n\u00edvel atual representa 19,7% da capacidade \u00fatil dos reservat\u00f3rios. As represas, no entanto, ainda operam nas reservas t\u00e9cnicas. Para ultrapassar a marca do volume morto o sistema precisa subir 9,5 pontos percentuais, o equivalente a 93,7 bilh\u00f5es de litros [&hellip;]<\/p>\n","protected":false},"author":2,"featured_media":26302,"comment_status":"open","ping_status":"closed","sticky":false,"template":"","format":"standard","meta":{"_genesis_hide_title":false,"_genesis_hide_breadcrumbs":false,"_genesis_hide_singular_image":false,"_genesis_hide_footer_widgets":false,"_genesis_custom_body_class":"","_genesis_custom_post_class":"","_genesis_layout":"","_jetpack_memberships_contains_paid_content":false,"footnotes":""},"categories":[22],"tags":[],"class_list":{"0":"post-70083","1":"post","2":"type-post","3":"status-publish","4":"format-standard","5":"has-post-thumbnail","7":"category-brasil","8":"entry","9":"gs-1","10":"gs-odd","11":"gs-even","12":"gs-featured-content-entry"},"jetpack_featured_media_url":"https:\/\/www.redenoticia.com.br\/noticia\/imagens\/previsao-tempo-clima-temperatura-.jpg","jetpack_sharing_enabled":true,"jetpack_likes_enabled":true,"_links":{"self":[{"href":"https:\/\/www.redenoticia.com.br\/noticia\/wp-json\/wp\/v2\/posts\/70083","targetHints":{"allow":["GET"]}}],"collection":[{"href":"https:\/\/www.redenoticia.com.br\/noticia\/wp-json\/wp\/v2\/posts"}],"about":[{"href":"https:\/\/www.redenoticia.com.br\/noticia\/wp-json\/wp\/v2\/types\/post"}],"author":[{"embeddable":true,"href":"https:\/\/www.redenoticia.com.br\/noticia\/wp-json\/wp\/v2\/users\/2"}],"replies":[{"embeddable":true,"href":"https:\/\/www.redenoticia.com.br\/noticia\/wp-json\/wp\/v2\/comments?post=70083"}],"version-history":[{"count":0,"href":"https:\/\/www.redenoticia.com.br\/noticia\/wp-json\/wp\/v2\/posts\/70083\/revisions"}],"wp:featuredmedia":[{"embeddable":true,"href":"https:\/\/www.redenoticia.com.br\/noticia\/wp-json\/wp\/v2\/media\/26302"}],"wp:attachment":[{"href":"https:\/\/www.redenoticia.com.br\/noticia\/wp-json\/wp\/v2\/media?parent=70083"}],"wp:term":[{"taxonomy":"category","embeddable":true,"href":"https:\/\/www.redenoticia.com.br\/noticia\/wp-json\/wp\/v2\/categories?post=70083"},{"taxonomy":"post_tag","embeddable":true,"href":"https:\/\/www.redenoticia.com.br\/noticia\/wp-json\/wp\/v2\/tags?post=70083"}],"curies":[{"name":"wp","href":"https:\/\/api.w.org\/{rel}","templated":true}]}}