{"id":70081,"date":"2015-05-11T19:46:39","date_gmt":"2015-05-11T22:46:39","guid":{"rendered":"http:\/\/www.redenoticia.com.br\/noticia\/?p=70081"},"modified":"2015-05-11T19:46:39","modified_gmt":"2015-05-11T22:46:39","slug":"inflacao-do-aluguel-registra-taxa-de-051-na-primeira-apuracao-de-maio","status":"publish","type":"post","link":"https:\/\/www.redenoticia.com.br\/noticia\/2015\/inflacao-do-aluguel-registra-taxa-de-051-na-primeira-apuracao-de-maio\/70081","title":{"rendered":"Infla\u00e7\u00e3o do aluguel registra taxa de 0,51% na primeira apura\u00e7\u00e3o de maio"},"content":{"rendered":"<p> O <strong><em>\u00cdndice Geral de Pre\u00e7os<\/em><\/strong> &#8211; Mercado (IGP-M) registrou aumento de 0,51%, na apura\u00e7\u00e3o referente ao primeiro dec\u00eandio (per\u00edodo de dez dias) de maio. No mesmo per\u00edodo de apura\u00e7\u00e3o do m\u00eas anterior, a varia\u00e7\u00e3o foi 1,03%. O IGP-M, uma das vers\u00f5es do \u00cdndice Geral de Pre\u00e7os (IGP), \u00e9 utilizado para reajustar contratos de aluguel, tarifas p\u00fablicas e planos de sa\u00fade (nos contratos mais antigos). Abrange toda a popula\u00e7\u00e3o, sem restri\u00e7\u00e3o de n\u00edvel de renda. Medido pela Funda\u00e7\u00e3o Getulio Vargas (FGV), o \u00edndice se baseia na pesquisa de pre\u00e7os de mat\u00e9rias-primas agr\u00edcolas e industriais, bens e servi\u00e7os finais.<\/p>\n<p>A apura\u00e7\u00e3o referente ao primeiro dec\u00eandio do IGP-M de maio compreende o intervalo de 21 a 30 do m\u00eas de abril. A pesquisa de pre\u00e7os do IGP-M \u00e9 feita entre o dia 21 do m\u00eas anterior (abril) at\u00e9 o dia 20 do m\u00eas atual (maio).<\/p>\n<p>O IGP-M \u00e9 formado pelo \u00cdndice de Pre\u00e7os ao Produtor Amplo (IPA), \u00cdndice de Pre\u00e7os ao Consumidor (IPC) e \u00cdndice Nacional do Custo da Constru\u00e7\u00e3o (INCC).<\/p>\n<p>O IPA registrou varia\u00e7\u00e3o de 0,56%, no primeiro dec\u00eandio de maio. No mesmo per\u00edodo do m\u00eas de abril, o \u00edndice variou 1,28%. O IPC apresentou taxa de varia\u00e7\u00e3o de 0,47%, no primeiro dec\u00eandio de maio. No mesmo per\u00edodo do m\u00eas anterior, a taxa foi 0,53%. O INCC registrou, no primeiro dec\u00eandio de maio, varia\u00e7\u00e3o de 0,27%, abaixo do resultado do m\u00eas anterior, de 0,69%.<\/p>\n<p>Nielmar Oliveira \u2013 Rep\u00f3rter da Ag\u00eancia Brasil<br \/>\nEdi\u00e7\u00e3o: Jos\u00e9 Romildo<\/p>\n","protected":false},"excerpt":{"rendered":"<p>O \u00cdndice Geral de Pre\u00e7os &#8211; Mercado (IGP-M) registrou aumento de 0,51%, na apura\u00e7\u00e3o referente ao primeiro dec\u00eandio (per\u00edodo de dez dias) de maio. No mesmo per\u00edodo de apura\u00e7\u00e3o do m\u00eas anterior, a varia\u00e7\u00e3o foi 1,03%. O IGP-M, uma das vers\u00f5es do \u00cdndice Geral de Pre\u00e7os (IGP), \u00e9 utilizado para reajustar contratos de aluguel, tarifas [&hellip;]<\/p>\n","protected":false},"author":2,"featured_media":57584,"comment_status":"open","ping_status":"closed","sticky":false,"template":"","format":"standard","meta":{"_genesis_hide_title":false,"_genesis_hide_breadcrumbs":false,"_genesis_hide_singular_image":false,"_genesis_hide_footer_widgets":false,"_genesis_custom_body_class":"","_genesis_custom_post_class":"","_genesis_layout":"","_jetpack_memberships_contains_paid_content":false,"footnotes":""},"categories":[22,7],"tags":[],"class_list":{"0":"post-70081","1":"post","2":"type-post","3":"status-publish","4":"format-standard","5":"has-post-thumbnail","7":"category-brasil","8":"category-economia","9":"entry","10":"gs-1","11":"gs-odd","12":"gs-even","13":"gs-featured-content-entry"},"jetpack_featured_media_url":"https:\/\/www.redenoticia.com.br\/noticia\/imagens\/economia-grafica-analise-inflacao.jpg","jetpack_sharing_enabled":true,"jetpack_likes_enabled":true,"_links":{"self":[{"href":"https:\/\/www.redenoticia.com.br\/noticia\/wp-json\/wp\/v2\/posts\/70081","targetHints":{"allow":["GET"]}}],"collection":[{"href":"https:\/\/www.redenoticia.com.br\/noticia\/wp-json\/wp\/v2\/posts"}],"about":[{"href":"https:\/\/www.redenoticia.com.br\/noticia\/wp-json\/wp\/v2\/types\/post"}],"author":[{"embeddable":true,"href":"https:\/\/www.redenoticia.com.br\/noticia\/wp-json\/wp\/v2\/users\/2"}],"replies":[{"embeddable":true,"href":"https:\/\/www.redenoticia.com.br\/noticia\/wp-json\/wp\/v2\/comments?post=70081"}],"version-history":[{"count":0,"href":"https:\/\/www.redenoticia.com.br\/noticia\/wp-json\/wp\/v2\/posts\/70081\/revisions"}],"wp:featuredmedia":[{"embeddable":true,"href":"https:\/\/www.redenoticia.com.br\/noticia\/wp-json\/wp\/v2\/media\/57584"}],"wp:attachment":[{"href":"https:\/\/www.redenoticia.com.br\/noticia\/wp-json\/wp\/v2\/media?parent=70081"}],"wp:term":[{"taxonomy":"category","embeddable":true,"href":"https:\/\/www.redenoticia.com.br\/noticia\/wp-json\/wp\/v2\/categories?post=70081"},{"taxonomy":"post_tag","embeddable":true,"href":"https:\/\/www.redenoticia.com.br\/noticia\/wp-json\/wp\/v2\/tags?post=70081"}],"curies":[{"name":"wp","href":"https:\/\/api.w.org\/{rel}","templated":true}]}}