{"id":70011,"date":"2015-05-08T19:12:09","date_gmt":"2015-05-08T22:12:09","guid":{"rendered":"http:\/\/www.redenoticia.com.br\/noticia\/?p=70011"},"modified":"2015-05-08T19:12:09","modified_gmt":"2015-05-08T22:12:09","slug":"curitiba-registra-em-abril-a-maior-taxa-de-inflacao-do-pais","status":"publish","type":"post","link":"https:\/\/www.redenoticia.com.br\/noticia\/2015\/curitiba-registra-em-abril-a-maior-taxa-de-inflacao-do-pais\/70011","title":{"rendered":"Curitiba registra em abril a maior taxa de infla\u00e7\u00e3o do pa\u00eds"},"content":{"rendered":"<p> Capital do estado do Paran\u00e1, Curitiba registrou o maior \u00cdndice Nacional de Pre\u00e7os ao Consumidor Amplo (<strong><em>IPCA<\/em><\/strong>) do pa\u00eds em abril. A taxa ficou em 1,46%, resultado 0,75 ponto percentual superior \u00e0 m\u00e9dia nacional, que alcan\u00e7ou 0,71%.<\/p>\n<p>Os dados foram divulgados pelo Instituto Brasileiro de Geografia e Estat\u00edstica (IBGE). Eles indicam que, no ano, Curitiba acumula alta de 5,59%, tamb\u00e9m a maior do pa\u00eds. Em 12 meses, a alta chegou a 9,28%, a segunda maior. No per\u00edodo, a capital paranaense ficou atr\u00e1s apenas do Rio de Janeiro, que, nos \u00faltimos 12 meses, registrou IPCA acumulado de 9,53%.<\/p>\n<p> Os dados do IBGE revelam que a segunda maior alta do IPCA de abril deste ano foi registrada em Bel\u00e9m, onde a infla\u00e7\u00e3o ficou em 0,89%. Na sequ\u00eancia, Bras\u00edlia (0,85%) e Rio de Janeiro (0,81%). Em S\u00e3o Paulo, a capital econ\u00f4mica mais importante do pa\u00eds, a infla\u00e7\u00e3o ficou em 0,58%. Salvador registrou o menor IPCA do Brasil, com alta de 0,5%.<\/p>\n<p>Nielmar de Oliveira &#8211; Rep\u00f3rter da Ag\u00eancia Brasil<br \/>\nEdi\u00e7\u00e3o: Armando Cardoso<\/p>\n","protected":false},"excerpt":{"rendered":"<p>Capital do estado do Paran\u00e1, Curitiba registrou o maior \u00cdndice Nacional de Pre\u00e7os ao Consumidor Amplo (IPCA) do pa\u00eds em abril. A taxa ficou em 1,46%, resultado 0,75 ponto percentual superior \u00e0 m\u00e9dia nacional, que alcan\u00e7ou 0,71%. Os dados foram divulgados pelo Instituto Brasileiro de Geografia e Estat\u00edstica (IBGE). Eles indicam que, no ano, Curitiba [&hellip;]<\/p>\n","protected":false},"author":2,"featured_media":34916,"comment_status":"open","ping_status":"closed","sticky":false,"template":"","format":"standard","meta":{"_genesis_hide_title":false,"_genesis_hide_breadcrumbs":false,"_genesis_hide_singular_image":false,"_genesis_hide_footer_widgets":false,"_genesis_custom_body_class":"","_genesis_custom_post_class":"","_genesis_layout":"","_jetpack_memberships_contains_paid_content":false,"footnotes":""},"categories":[22,7],"tags":[],"class_list":{"0":"post-70011","1":"post","2":"type-post","3":"status-publish","4":"format-standard","5":"has-post-thumbnail","7":"category-brasil","8":"category-economia","9":"entry","10":"gs-1","11":"gs-odd","12":"gs-even","13":"gs-featured-content-entry"},"jetpack_featured_media_url":"https:\/\/www.redenoticia.com.br\/noticia\/imagens\/inflacao.jpg","jetpack_sharing_enabled":true,"jetpack_likes_enabled":true,"_links":{"self":[{"href":"https:\/\/www.redenoticia.com.br\/noticia\/wp-json\/wp\/v2\/posts\/70011","targetHints":{"allow":["GET"]}}],"collection":[{"href":"https:\/\/www.redenoticia.com.br\/noticia\/wp-json\/wp\/v2\/posts"}],"about":[{"href":"https:\/\/www.redenoticia.com.br\/noticia\/wp-json\/wp\/v2\/types\/post"}],"author":[{"embeddable":true,"href":"https:\/\/www.redenoticia.com.br\/noticia\/wp-json\/wp\/v2\/users\/2"}],"replies":[{"embeddable":true,"href":"https:\/\/www.redenoticia.com.br\/noticia\/wp-json\/wp\/v2\/comments?post=70011"}],"version-history":[{"count":0,"href":"https:\/\/www.redenoticia.com.br\/noticia\/wp-json\/wp\/v2\/posts\/70011\/revisions"}],"wp:featuredmedia":[{"embeddable":true,"href":"https:\/\/www.redenoticia.com.br\/noticia\/wp-json\/wp\/v2\/media\/34916"}],"wp:attachment":[{"href":"https:\/\/www.redenoticia.com.br\/noticia\/wp-json\/wp\/v2\/media?parent=70011"}],"wp:term":[{"taxonomy":"category","embeddable":true,"href":"https:\/\/www.redenoticia.com.br\/noticia\/wp-json\/wp\/v2\/categories?post=70011"},{"taxonomy":"post_tag","embeddable":true,"href":"https:\/\/www.redenoticia.com.br\/noticia\/wp-json\/wp\/v2\/tags?post=70011"}],"curies":[{"name":"wp","href":"https:\/\/api.w.org\/{rel}","templated":true}]}}