{"id":69977,"date":"2015-05-07T14:36:28","date_gmt":"2015-05-07T17:36:28","guid":{"rendered":"http:\/\/www.redenoticia.com.br\/noticia\/?p=69977"},"modified":"2015-05-07T14:36:28","modified_gmt":"2015-05-07T17:36:28","slug":"concessionarias-de-carros-fecham-as-portas-e-aumentam-desemprego-em-2015","status":"publish","type":"post","link":"https:\/\/www.redenoticia.com.br\/noticia\/2015\/concessionarias-de-carros-fecham-as-portas-e-aumentam-desemprego-em-2015\/69977","title":{"rendered":"Concession\u00e1rias de carros fecham as portas e aumentam desemprego em 2015"},"content":{"rendered":"<p> O presidente da Federa\u00e7\u00e3o Nacional da Distribui\u00e7\u00e3o de Ve\u00edculos Automotores (Fenabrave), Alarico Assump\u00e7\u00e3o J\u00fanior, disse que 250 concession\u00e1rias de ve\u00edculos automotores fecharam no pa\u00eds, desde o in\u00edcio do ano. Segundo ele, o encerramento das atividades das concession\u00e1rias causou o <strong><em>desemprego<\/em><\/strong> de aproximadamente 12 mil pessoas.<\/p>\n<p>A persistir essa economia, &#8220;lamentavelmente, \u00e9 natural que novas casas sejam fechadas e empregos perdidos&#8221;, de acordo com estimativas t\u00e9cnicas da Fenabrave. O setor entende que a economia deve girar o mais r\u00e1pido poss\u00edvel. &#8220;N\u00f3s precisamos de [elevar o] PIB [Produto Interno Bruto]. Tendo PIB (soma dos bens e servi\u00e7os produzidos no pa\u00eds) vende produto, vende o autom\u00f3vel, vende o caminh\u00e3o\u201d, enfatizou Assump\u00e7\u00e3o, depois de reuni\u00e3o na Federa\u00e7\u00e3o das Ind\u00fastrias do Estado de S\u00e3o Paulo (Fiesp).<\/p>\n<p>A Fenabrave divulgou que as vendas de autom\u00f3veis e ve\u00edculos comerciais leves \u2013 como furg\u00f5es e picapes \u2013 registraram queda de 6,36% em abril, na compara\u00e7\u00e3o com mar\u00e7o. Em rela\u00e7\u00e3o ao mesmo per\u00edodo do ano passado, houve recuo de 24,35%. De janeiro a abril deste ano, a comercializa\u00e7\u00e3o de ve\u00edculos novos acumula queda de 18,39% em rela\u00e7\u00e3o aos primeiros quatro meses de 2014.<\/p>\n<p>Segundo o presidente da Fenabrave, a entidade espera a recupera\u00e7\u00e3o do setor apenas para 2016. \u201cO nosso sentimento \u00e9 que devemos atravessar essa ponte o mais r\u00e1pido poss\u00edvel. Esse projeto de ajuste fiscal, lamentavelmente \u00e9 necess\u00e1rio, em virtude da situa\u00e7\u00e3o em que se encontra a economia do Brasil. Poderemos pensar, a partir de 2016, ainda que moderadamente, em um leve crescimento\u201d, acrescentou.<\/p>\n<p>As proje\u00e7\u00f5es de vendas para o ano foram refeitas pela Fenabrave, devido ao desempenho apresentado nos quatro primeiros meses do ano. A estimativa agora \u00e9 que o setor registre queda de 18% no ano, em rela\u00e7\u00e3o a autom\u00f3veis e comerciais leves. A previs\u00e3o anterior era de um recuo de 10%.<\/p>\n<p>Bruno Bocchini &#8211; Rep\u00f3rter da Ag\u00eancia Brasil<br \/>\nEdi\u00e7\u00e3o: St\u00eanio Ribeiro<\/p>\n","protected":false},"excerpt":{"rendered":"<p>O presidente da Federa\u00e7\u00e3o Nacional da Distribui\u00e7\u00e3o de Ve\u00edculos Automotores (Fenabrave), Alarico Assump\u00e7\u00e3o J\u00fanior, disse que 250 concession\u00e1rias de ve\u00edculos automotores fecharam no pa\u00eds, desde o in\u00edcio do ano. Segundo ele, o encerramento das atividades das concession\u00e1rias causou o desemprego de aproximadamente 12 mil pessoas. A persistir essa economia, &#8220;lamentavelmente, \u00e9 natural que novas casas [&hellip;]<\/p>\n","protected":false},"author":2,"featured_media":57585,"comment_status":"open","ping_status":"closed","sticky":false,"template":"","format":"standard","meta":{"_genesis_hide_title":false,"_genesis_hide_breadcrumbs":false,"_genesis_hide_singular_image":false,"_genesis_hide_footer_widgets":false,"_genesis_custom_body_class":"","_genesis_custom_post_class":"","_genesis_layout":"","_jetpack_memberships_contains_paid_content":false,"footnotes":""},"categories":[22,7],"tags":[],"class_list":{"0":"post-69977","1":"post","2":"type-post","3":"status-publish","4":"format-standard","5":"has-post-thumbnail","7":"category-brasil","8":"category-economia","9":"entry","10":"gs-1","11":"gs-odd","12":"gs-even","13":"gs-featured-content-entry"},"jetpack_featured_media_url":"https:\/\/www.redenoticia.com.br\/noticia\/imagens\/analise-economia.jpg","jetpack_sharing_enabled":true,"jetpack_likes_enabled":true,"_links":{"self":[{"href":"https:\/\/www.redenoticia.com.br\/noticia\/wp-json\/wp\/v2\/posts\/69977","targetHints":{"allow":["GET"]}}],"collection":[{"href":"https:\/\/www.redenoticia.com.br\/noticia\/wp-json\/wp\/v2\/posts"}],"about":[{"href":"https:\/\/www.redenoticia.com.br\/noticia\/wp-json\/wp\/v2\/types\/post"}],"author":[{"embeddable":true,"href":"https:\/\/www.redenoticia.com.br\/noticia\/wp-json\/wp\/v2\/users\/2"}],"replies":[{"embeddable":true,"href":"https:\/\/www.redenoticia.com.br\/noticia\/wp-json\/wp\/v2\/comments?post=69977"}],"version-history":[{"count":0,"href":"https:\/\/www.redenoticia.com.br\/noticia\/wp-json\/wp\/v2\/posts\/69977\/revisions"}],"wp:featuredmedia":[{"embeddable":true,"href":"https:\/\/www.redenoticia.com.br\/noticia\/wp-json\/wp\/v2\/media\/57585"}],"wp:attachment":[{"href":"https:\/\/www.redenoticia.com.br\/noticia\/wp-json\/wp\/v2\/media?parent=69977"}],"wp:term":[{"taxonomy":"category","embeddable":true,"href":"https:\/\/www.redenoticia.com.br\/noticia\/wp-json\/wp\/v2\/categories?post=69977"},{"taxonomy":"post_tag","embeddable":true,"href":"https:\/\/www.redenoticia.com.br\/noticia\/wp-json\/wp\/v2\/tags?post=69977"}],"curies":[{"name":"wp","href":"https:\/\/api.w.org\/{rel}","templated":true}]}}