{"id":69975,"date":"2015-05-07T14:33:40","date_gmt":"2015-05-07T17:33:40","guid":{"rendered":"http:\/\/www.redenoticia.com.br\/noticia\/?p=69975"},"modified":"2015-05-07T14:33:40","modified_gmt":"2015-05-07T17:33:40","slug":"inflacao-deve-convergir-para-o-centro-da-meta-ao-final-de-2016","status":"publish","type":"post","link":"https:\/\/www.redenoticia.com.br\/noticia\/2015\/inflacao-deve-convergir-para-o-centro-da-meta-ao-final-de-2016\/69975","title":{"rendered":"Infla\u00e7\u00e3o deve convergir para o centro da meta ao final de 2016"},"content":{"rendered":"<p> O Comit\u00ea de Pol\u00edtica Monet\u00e1ria (Copom) do Banco Central (BC) voltou a avaliar que as informa\u00e7\u00f5es dispon\u00edveis sobre <strong><em>infla\u00e7\u00e3o<\/em><\/strong> \u201csugerem persist\u00eancia\u201d do movimento de alta de pre\u00e7os. Para o comit\u00ea, a continuidade da infla\u00e7\u00e3o elevada reflete os pre\u00e7os no segmento de servi\u00e7os e o realinhamento dos pre\u00e7os administrados \u2013 que s\u00e3o regulados pelo governo ou por contrato, como no caso da gasolina e da energia.<\/p>\n<p>As pondera\u00e7\u00f5es est\u00e3o na ata da \u00faltima reuni\u00e3o do Copom, realizada nos dias 28 e 29 de abril. O documento foi divulgado pelo BC. Na reuni\u00e3o da semana passada, o Copom elevou em 0,5 ponto percentual a Selic, taxa b\u00e1sica de juros da economia, que agora est\u00e1 em 13,25% ao ano. Foi a quinta eleva\u00e7\u00e3o consecutiva. A taxa \u00e9 o instrumento do BC para controle da infla\u00e7\u00e3o.<\/p>\n<p>O comit\u00ea destacou que a infla\u00e7\u00e3o medida pelo \u00cdndice de Pre\u00e7os ao Consumidor Amplo (IPCA) acumulada em 12 meses atingiu 8,13% em mar\u00e7o. O Copom ressaltou ainda que a alta especificamente dos pre\u00e7os administrados ficou em 13,37% no mesmo per\u00edodo. O colegiado do BC disse que a converg\u00eancia da infla\u00e7\u00e3o para o centro da meta, de 4,5%, deve ocorrer s\u00f3 ao final de 2016.<\/p>\n<p>A ata informa que o comit\u00ea projeta alta de 11,8% nos pre\u00e7os administrados para 2015. A estimativa engloba proje\u00e7\u00e3o de alta de 9,8% no pre\u00e7o da gasolina, de 1,9% no do g\u00e1s de botij\u00e3o, de 4,1% nas tarifas de telefonia e de 38,3% nos pre\u00e7os da energia.<\/p>\n<p>O Copom avalia h\u00e1 dados favor\u00e1veis \u00e0 queda da infla\u00e7\u00e3o, como in\u00edcio de um processo de distens\u00e3o (perda de dinamismo) no mercado de trabalho. No entanto, acredita que que a concess\u00e3o de aumentos de sal\u00e1rios \u201cincompat\u00edveis com o crescimento da produtividade\u201d pode ter repercuss\u00f5es negativas sobre a infla\u00e7\u00e3o.<\/p>\n<p>O comit\u00ea reafirmou que o cen\u00e1rio permite uma expans\u00e3o moderada do cr\u00e9dito, que j\u00e1 vem sendo observada. Mas avaliou que ainda s\u00e3o necess\u00e1rias iniciativas para moderar as opera\u00e7\u00f5es de cr\u00e9dito. O Copom acredita que o consumo das fam\u00edlias deve se estabilizar, devido a quest\u00f5es como emprego, renda e cr\u00e9dito.<\/p>\n<p>Por outro lado, o financiamento imobili\u00e1rio, a concess\u00e3o de servi\u00e7os p\u00fablicos e a amplia\u00e7\u00e3o de renda agr\u00edcola devem favorecer o investimento, segundo o BC. J\u00e1 as exporta\u00e7\u00f5es devem ser beneficiadas pela desvaloriza\u00e7\u00e3o do real.<\/p>\n<p>Com rela\u00e7\u00e3o ao quadro internacional, a ata diz que, apesar de o Copom identificar baixa probabilidade de eventos extremos, o ambiente \u201cpermanece complexo\u201d. O colegiado frisou a recupera\u00e7\u00e3o da atividade em algumas economias maduras, contrastando com modera\u00e7\u00e3o do ritmo da economia nas emergentes.<\/p>\n<p>Tamb\u00e9m se referindo aos mercados internacionais, o Copom lembrou a modera\u00e7\u00e3o dos pre\u00e7os de commodities (produtos b\u00e1sicos com cota\u00e7\u00e3o internacional). Com rela\u00e7\u00e3o especificamente ao petr\u00f3leo, o colegiado do BC destacou que a evolu\u00e7\u00e3o dos pre\u00e7os internacionais tende a se transmitir \u00e0 economia dom\u00e9stica.<\/p>\n<p>Nesse contexto, o comit\u00ea novamente avaliou que os avan\u00e7os alcan\u00e7ados no controle da infla\u00e7\u00e3o ainda n\u00e3o se mostraram suficientes e reafirmou que a pol\u00edtica monet\u00e1ria \u201cdeve manter-se vigilante\u201d. O colegiado volta a se reunir nos dias 2 e 3 de junho, para deliberar sobre os rumos da taxa Selic para o pr\u00f3ximo per\u00edodo de 45 dias.<\/p>\n<p>Mariana Branco &#8211; Rep\u00f3rter da Ag\u00eancia Brasil<br \/>\nEdi\u00e7\u00e3o: Jos\u00e9 Romildo<\/p>\n","protected":false},"excerpt":{"rendered":"<p>O Comit\u00ea de Pol\u00edtica Monet\u00e1ria (Copom) do Banco Central (BC) voltou a avaliar que as informa\u00e7\u00f5es dispon\u00edveis sobre infla\u00e7\u00e3o \u201csugerem persist\u00eancia\u201d do movimento de alta de pre\u00e7os. Para o comit\u00ea, a continuidade da infla\u00e7\u00e3o elevada reflete os pre\u00e7os no segmento de servi\u00e7os e o realinhamento dos pre\u00e7os administrados \u2013 que s\u00e3o regulados pelo governo ou [&hellip;]<\/p>\n","protected":false},"author":2,"featured_media":57584,"comment_status":"open","ping_status":"closed","sticky":false,"template":"","format":"standard","meta":{"_genesis_hide_title":false,"_genesis_hide_breadcrumbs":false,"_genesis_hide_singular_image":false,"_genesis_hide_footer_widgets":false,"_genesis_custom_body_class":"","_genesis_custom_post_class":"","_genesis_layout":"","_jetpack_memberships_contains_paid_content":false,"footnotes":""},"categories":[22,7],"tags":[],"class_list":{"0":"post-69975","1":"post","2":"type-post","3":"status-publish","4":"format-standard","5":"has-post-thumbnail","7":"category-brasil","8":"category-economia","9":"entry","10":"gs-1","11":"gs-odd","12":"gs-even","13":"gs-featured-content-entry"},"jetpack_featured_media_url":"https:\/\/www.redenoticia.com.br\/noticia\/imagens\/economia-grafica-analise-inflacao.jpg","jetpack_sharing_enabled":true,"jetpack_likes_enabled":true,"_links":{"self":[{"href":"https:\/\/www.redenoticia.com.br\/noticia\/wp-json\/wp\/v2\/posts\/69975","targetHints":{"allow":["GET"]}}],"collection":[{"href":"https:\/\/www.redenoticia.com.br\/noticia\/wp-json\/wp\/v2\/posts"}],"about":[{"href":"https:\/\/www.redenoticia.com.br\/noticia\/wp-json\/wp\/v2\/types\/post"}],"author":[{"embeddable":true,"href":"https:\/\/www.redenoticia.com.br\/noticia\/wp-json\/wp\/v2\/users\/2"}],"replies":[{"embeddable":true,"href":"https:\/\/www.redenoticia.com.br\/noticia\/wp-json\/wp\/v2\/comments?post=69975"}],"version-history":[{"count":0,"href":"https:\/\/www.redenoticia.com.br\/noticia\/wp-json\/wp\/v2\/posts\/69975\/revisions"}],"wp:featuredmedia":[{"embeddable":true,"href":"https:\/\/www.redenoticia.com.br\/noticia\/wp-json\/wp\/v2\/media\/57584"}],"wp:attachment":[{"href":"https:\/\/www.redenoticia.com.br\/noticia\/wp-json\/wp\/v2\/media?parent=69975"}],"wp:term":[{"taxonomy":"category","embeddable":true,"href":"https:\/\/www.redenoticia.com.br\/noticia\/wp-json\/wp\/v2\/categories?post=69975"},{"taxonomy":"post_tag","embeddable":true,"href":"https:\/\/www.redenoticia.com.br\/noticia\/wp-json\/wp\/v2\/tags?post=69975"}],"curies":[{"name":"wp","href":"https:\/\/api.w.org\/{rel}","templated":true}]}}