{"id":69973,"date":"2015-05-07T14:31:34","date_gmt":"2015-05-07T17:31:34","guid":{"rendered":"http:\/\/www.redenoticia.com.br\/noticia\/?p=69973"},"modified":"2015-05-07T14:31:34","modified_gmt":"2015-05-07T17:31:34","slug":"producao-de-veiculos-cai-145-em-abril","status":"publish","type":"post","link":"https:\/\/www.redenoticia.com.br\/noticia\/2015\/producao-de-veiculos-cai-145-em-abril\/69973","title":{"rendered":"Produ\u00e7\u00e3o de ve\u00edculos cai 14,5% em abril"},"content":{"rendered":"<p> A <strong><em>produ\u00e7\u00e3o de ve\u00edculos<\/em><\/strong> no pa\u00eds caiu 14,5 % em abril, na compara\u00e7\u00e3o com mar\u00e7o. Segundo balan\u00e7o divulgado pela Associa\u00e7\u00e3o Nacional de Fabricantes de Ve\u00edculos Automotores (Anfavea), foram fabricadas no m\u00eas passado 217,1 mil unidades, enquanto em mar\u00e7o a produ\u00e7\u00e3o chegou a 254 mil ve\u00edculos. Em rela\u00e7\u00e3o a abril do ano passado, quando foram montadas 277,1 mil unidades, a queda corresponde a 21,7%.<\/p>\n<p> No acumulado dos primeiros quatro meses de 2015, foram produzidos 881,7 mil ve\u00edculos, 17,5% menos do que de janeiro a abril do ano passado (1,068 milh\u00e3o).<\/p>\n<p>Em rela\u00e7\u00e3o \u00e0s vendas, houve queda de 24,6% em abril deste ano, na compara\u00e7\u00e3o com o mesmo per\u00edodo de 2014. De acordo com o levantamento da Anfavea, foram licenciadas 243,5 mil unidades em abril de 2014, contra 183,7 mil no mesmo m\u00eas deste ano.<\/p>\n<p>No acumulado dos quatro primeiros meses do ano, a queda nas vendas chega a 17,8%. De janeiro a abril de 2014 foram vendidos 904,6 mil ve\u00edculos. No mesmo per\u00edodo de 2015, 743, 6 mil unidades foram comercializadas.<\/p>\n<p>O total de postos de trabalho na ind\u00fastria automotiva caiu 9,5% em abril deste ano em rela\u00e7\u00e3o ao mesmo m\u00eas de 2014. Em abril do ano passado, o setor empregava 154,1 mil pessoas e, neste ano, o n\u00famero de postos de trabalho ficou em 139,5 mil. Em rela\u00e7\u00e3o a mar\u00e7o, foi registrada queda de 0,9% no n\u00edvel de emprego.<\/p>\n<p>Daniel Mello \u2013 Rep\u00f3rter da Ag\u00eancia Brasil<br \/>\nEdi\u00e7\u00e3o: Denise Griesinger<\/p>\n","protected":false},"excerpt":{"rendered":"<p>A produ\u00e7\u00e3o de ve\u00edculos no pa\u00eds caiu 14,5 % em abril, na compara\u00e7\u00e3o com mar\u00e7o. Segundo balan\u00e7o divulgado pela Associa\u00e7\u00e3o Nacional de Fabricantes de Ve\u00edculos Automotores (Anfavea), foram fabricadas no m\u00eas passado 217,1 mil unidades, enquanto em mar\u00e7o a produ\u00e7\u00e3o chegou a 254 mil ve\u00edculos. Em rela\u00e7\u00e3o a abril do ano passado, quando foram montadas [&hellip;]<\/p>\n","protected":false},"author":2,"featured_media":35207,"comment_status":"open","ping_status":"closed","sticky":false,"template":"","format":"standard","meta":{"_genesis_hide_title":false,"_genesis_hide_breadcrumbs":false,"_genesis_hide_singular_image":false,"_genesis_hide_footer_widgets":false,"_genesis_custom_body_class":"","_genesis_custom_post_class":"","_genesis_layout":"","_jetpack_memberships_contains_paid_content":false,"footnotes":""},"categories":[22,7],"tags":[],"class_list":{"0":"post-69973","1":"post","2":"type-post","3":"status-publish","4":"format-standard","5":"has-post-thumbnail","7":"category-brasil","8":"category-economia","9":"entry","10":"gs-1","11":"gs-odd","12":"gs-even","13":"gs-featured-content-entry"},"jetpack_featured_media_url":"https:\/\/www.redenoticia.com.br\/noticia\/imagens\/transito-estradas.jpg","jetpack_sharing_enabled":true,"jetpack_likes_enabled":true,"_links":{"self":[{"href":"https:\/\/www.redenoticia.com.br\/noticia\/wp-json\/wp\/v2\/posts\/69973","targetHints":{"allow":["GET"]}}],"collection":[{"href":"https:\/\/www.redenoticia.com.br\/noticia\/wp-json\/wp\/v2\/posts"}],"about":[{"href":"https:\/\/www.redenoticia.com.br\/noticia\/wp-json\/wp\/v2\/types\/post"}],"author":[{"embeddable":true,"href":"https:\/\/www.redenoticia.com.br\/noticia\/wp-json\/wp\/v2\/users\/2"}],"replies":[{"embeddable":true,"href":"https:\/\/www.redenoticia.com.br\/noticia\/wp-json\/wp\/v2\/comments?post=69973"}],"version-history":[{"count":0,"href":"https:\/\/www.redenoticia.com.br\/noticia\/wp-json\/wp\/v2\/posts\/69973\/revisions"}],"wp:featuredmedia":[{"embeddable":true,"href":"https:\/\/www.redenoticia.com.br\/noticia\/wp-json\/wp\/v2\/media\/35207"}],"wp:attachment":[{"href":"https:\/\/www.redenoticia.com.br\/noticia\/wp-json\/wp\/v2\/media?parent=69973"}],"wp:term":[{"taxonomy":"category","embeddable":true,"href":"https:\/\/www.redenoticia.com.br\/noticia\/wp-json\/wp\/v2\/categories?post=69973"},{"taxonomy":"post_tag","embeddable":true,"href":"https:\/\/www.redenoticia.com.br\/noticia\/wp-json\/wp\/v2\/tags?post=69973"}],"curies":[{"name":"wp","href":"https:\/\/api.w.org\/{rel}","templated":true}]}}