{"id":69971,"date":"2015-05-07T14:28:37","date_gmt":"2015-05-07T17:28:37","guid":{"rendered":"http:\/\/www.redenoticia.com.br\/noticia\/?p=69971"},"modified":"2015-05-07T14:28:37","modified_gmt":"2015-05-07T17:28:37","slug":"regiao-nordeste-registra-maior-taxa-de-desemprego-do-pais","status":"publish","type":"post","link":"https:\/\/www.redenoticia.com.br\/noticia\/2015\/regiao-nordeste-registra-maior-taxa-de-desemprego-do-pais\/69971","title":{"rendered":"Regi\u00e3o Nordeste registra maior taxa de desemprego do pa\u00eds"},"content":{"rendered":"<p> A Regi\u00e3o Nordeste registrou no primeiro trimestre do ano a maior <strong><em>taxa de desemprego<\/em><\/strong> do pa\u00eds, com 9,6% de pessoas desocupadas. O resultado \u00e9 1,7 ponto percentual superior \u00e0 taxa m\u00e9dia de desemprego do pa\u00eds, que fechou os tr\u00eas primeiros meses do ano em 7,9%.<\/p>\n<p>A menor taxa de desocupa\u00e7\u00e3o foi registrada na Regi\u00e3o Sul, com 5,1% da popula\u00e7\u00e3o em idade ativa desempregada. Entre as unidades da Federa\u00e7\u00e3o, o Rio Grande do Norte registrou a maior taxa de desemprego (11,5%) e Santa Catarina, a menor (3,9%).<\/p>\n<p>Os dados constam da Pesquisa Nacional por Amostra de Domic\u00edlio Cont\u00ednua (Pnad Cont\u00ednua), divulgada hoje (7), pelo Instituto Brasileiro de Geografia e Estat\u00edstica (IBGE), que, pela primeira vez, traz as informa\u00e7\u00f5es completas sobre o mercado de trabalho para Brasil, grandes regi\u00f5es e unidades da Federa\u00e7\u00e3o.<\/p>\n<p>As an\u00e1lises do IBGE apontaram diferen\u00e7as significativas na taxa de desocupa\u00e7\u00e3o entre homens e mulheres, comportamento verificado tamb\u00e9m nas cinco grandes regi\u00f5es. Pelo estudo, no primeiro trimestre, a taxa de desocupa\u00e7\u00e3o para os homens foi estimada em 6,6%, enquanto para as mulheres este percentual ficou em 9,6%.<\/p>\n<p>De janeiro a mar\u00e7o, o n\u00edvel da ocupa\u00e7\u00e3o dos homens foi estimado em 67,4% e o das mulheres, em 45,9%. \u201cEste comportamento diferenciado deste indicador foi verificado nas cinco grandes regi\u00f5es, com destaque para o Norte, onde a diferen\u00e7a entre homens e mulheres trabalhando foi a maior [69,5% para homens e 42,8% para mulheres], e a Sul com a menor diferen\u00e7a [70,5% para homens e 51,3% para mulheres]\u201d, enfatizou o instituto.<\/p>\n<p>Entre os jovens de 18 a 24 anos de idade, a taxa de desocupa\u00e7\u00e3o ficou em 17,6%, patamar elevado em rela\u00e7\u00e3o \u00e0 taxa m\u00e9dia total (7,9%). O alto \u00edndice de desemprego nesta faixa et\u00e1ria foi observado  tanto para a m\u00e9dia no Brasil quanto para as cinco grandes regi\u00f5es.<\/p>\n<p>J\u00e1 o n\u00edvel da ocupa\u00e7\u00e3o do grupo et\u00e1rio de 25 anos a 39 anos foi estimado em 74,9% e para o grupo et\u00e1rio de 40 anos a 59 anos, em 69,3%. Entre os jovens de 18 anos a 24 anos, esta estimativa \u00e9 56%. Entre os menores de idade, de 14 anos a 17 anos, a estimativa chega a 15,4%, enquanto para o grupo com 60 anos ou mais, 22%.<\/p>\n<p>Em uma an\u00e1lise que considera o grau de instru\u00e7\u00e3o do brasileiro, os n\u00fameros revelam que a taxa de desocupa\u00e7\u00e3o para o contingente de pessoas com ensino m\u00e9dio incompleto (14%) foi superior \u00e0 verificada entre os demais n\u00edveis de instru\u00e7\u00e3o. Para o grupo de pessoas com n\u00edvel superior incompleto, a taxa foi estimada em 9,1%, praticamente o dobro da verificada para aqueles com n\u00edvel superior completo (4,6%).<\/p>\n<p>Os dados da Pnad Cont\u00ednua revelam uma tend\u00eancia: nos grupos com n\u00edveis de instru\u00e7\u00e3o mais altos, a taxa de ocupa\u00e7\u00e3o \u00e9 mais elavada. No primeiro trimestre, o grupo das pessoas com n\u00edvel superior completo registrou n\u00edvel de ocupa\u00e7\u00e3o de 78,6%, enquanto no grupo de pessoas sem nenhuma instru\u00e7\u00e3o o percentual de ocupa\u00e7\u00e3o caiu para 30,9%.<\/p>\n<p>Nielmar de Oliveira \u2013 Rep\u00f3rter da Ag\u00eancia Brasil<br \/>\nEdi\u00e7\u00e3o: Denise Griesinger<\/p>\n","protected":false},"excerpt":{"rendered":"<p>A Regi\u00e3o Nordeste registrou no primeiro trimestre do ano a maior taxa de desemprego do pa\u00eds, com 9,6% de pessoas desocupadas. O resultado \u00e9 1,7 ponto percentual superior \u00e0 taxa m\u00e9dia de desemprego do pa\u00eds, que fechou os tr\u00eas primeiros meses do ano em 7,9%. A menor taxa de desocupa\u00e7\u00e3o foi registrada na Regi\u00e3o Sul, [&hellip;]<\/p>\n","protected":false},"author":2,"featured_media":38940,"comment_status":"open","ping_status":"closed","sticky":false,"template":"","format":"standard","meta":{"_genesis_hide_title":false,"_genesis_hide_breadcrumbs":false,"_genesis_hide_singular_image":false,"_genesis_hide_footer_widgets":false,"_genesis_custom_body_class":"","_genesis_custom_post_class":"","_genesis_layout":"","_jetpack_memberships_contains_paid_content":false,"footnotes":""},"categories":[22,7],"tags":[],"class_list":{"0":"post-69971","1":"post","2":"type-post","3":"status-publish","4":"format-standard","5":"has-post-thumbnail","7":"category-brasil","8":"category-economia","9":"entry","10":"gs-1","11":"gs-odd","12":"gs-even","13":"gs-featured-content-entry"},"jetpack_featured_media_url":"https:\/\/www.redenoticia.com.br\/noticia\/imagens\/grafico.jpg","jetpack_sharing_enabled":true,"jetpack_likes_enabled":true,"_links":{"self":[{"href":"https:\/\/www.redenoticia.com.br\/noticia\/wp-json\/wp\/v2\/posts\/69971","targetHints":{"allow":["GET"]}}],"collection":[{"href":"https:\/\/www.redenoticia.com.br\/noticia\/wp-json\/wp\/v2\/posts"}],"about":[{"href":"https:\/\/www.redenoticia.com.br\/noticia\/wp-json\/wp\/v2\/types\/post"}],"author":[{"embeddable":true,"href":"https:\/\/www.redenoticia.com.br\/noticia\/wp-json\/wp\/v2\/users\/2"}],"replies":[{"embeddable":true,"href":"https:\/\/www.redenoticia.com.br\/noticia\/wp-json\/wp\/v2\/comments?post=69971"}],"version-history":[{"count":0,"href":"https:\/\/www.redenoticia.com.br\/noticia\/wp-json\/wp\/v2\/posts\/69971\/revisions"}],"wp:featuredmedia":[{"embeddable":true,"href":"https:\/\/www.redenoticia.com.br\/noticia\/wp-json\/wp\/v2\/media\/38940"}],"wp:attachment":[{"href":"https:\/\/www.redenoticia.com.br\/noticia\/wp-json\/wp\/v2\/media?parent=69971"}],"wp:term":[{"taxonomy":"category","embeddable":true,"href":"https:\/\/www.redenoticia.com.br\/noticia\/wp-json\/wp\/v2\/categories?post=69971"},{"taxonomy":"post_tag","embeddable":true,"href":"https:\/\/www.redenoticia.com.br\/noticia\/wp-json\/wp\/v2\/tags?post=69971"}],"curies":[{"name":"wp","href":"https:\/\/api.w.org\/{rel}","templated":true}]}}