{"id":69969,"date":"2015-05-07T14:25:29","date_gmt":"2015-05-07T17:25:29","guid":{"rendered":"http:\/\/www.redenoticia.com.br\/noticia\/?p=69969"},"modified":"2015-05-07T14:25:29","modified_gmt":"2015-05-07T17:25:29","slug":"sao-paulo-restringe-venda-de-desbloqueador-de-celular","status":"publish","type":"post","link":"https:\/\/www.redenoticia.com.br\/noticia\/2015\/sao-paulo-restringe-venda-de-desbloqueador-de-celular\/69969","title":{"rendered":"S\u00e3o Paulo restringe venda de desbloqueador de celular"},"content":{"rendered":"<p> O projeto de lei 46\/2015 que restringe a venda de aparelhos capazes de alterar ou <strong><em>desbloquear o n\u00famero de identifica\u00e7\u00e3o dos celulares<\/em><\/strong> foi sancionado pelo governador Geraldo Alckmin.<\/p>\n<p> Agora, os estabelecimentos que quiserem comercializar o aparelho desbloqueador devem obter autoriza\u00e7\u00e3o pr\u00e9via do Departamento de Capturas e Delegacias Especializadas (Decade) da Pol\u00edcia Civil. &#8220;Esse cadastro contribuir\u00e1 para que n\u00e3o haja a\u00e7\u00e3o criminosa nem est\u00edmulo ao roubo e furto de celular&#8221;, disse o governador.<\/p>\n<p>Com\u00e9rcios que descumprirem a lei ter\u00e3o sua inscri\u00e7\u00e3o estadual cancelada e o estoque irregular apreendido. Os s\u00f3cios do estabelecimento tamb\u00e9m poder\u00e3o, por cinco anos, ser impedidos de exercer esse ramo de atividade e proibidos de solicitar inscri\u00e7\u00e3o de nova empresa do tipo.<\/p>\n<p>Em fevereiro deste ano, o secret\u00e1rio de Seguran\u00e7a P\u00fablica, Alexandre de Moraes, se reuniu com as principais operadoras de telefonia e criou uma resolu\u00e7\u00e3o (SSP 3\/2015) determinando que o Departamento de Intelig\u00eancia (Dipol) pe\u00e7a o bloqueio de celulares roubados e furtados no prazo de at\u00e9 12 horas. Com o IMEI (International Mobile Equipment Identity), o celular deixa de funcionar.  <\/p>\n<p>Do Portal do Governo do Estado <\/p>\n","protected":false},"excerpt":{"rendered":"<p>O projeto de lei 46\/2015 que restringe a venda de aparelhos capazes de alterar ou desbloquear o n\u00famero de identifica\u00e7\u00e3o dos celulares foi sancionado pelo governador Geraldo Alckmin. Agora, os estabelecimentos que quiserem comercializar o aparelho desbloqueador devem obter autoriza\u00e7\u00e3o pr\u00e9via do Departamento de Capturas e Delegacias Especializadas (Decade) da Pol\u00edcia Civil. &#8220;Esse cadastro contribuir\u00e1 [&hellip;]<\/p>\n","protected":false},"author":2,"featured_media":57576,"comment_status":"open","ping_status":"closed","sticky":false,"template":"","format":"standard","meta":{"_genesis_hide_title":false,"_genesis_hide_breadcrumbs":false,"_genesis_hide_singular_image":false,"_genesis_hide_footer_widgets":false,"_genesis_custom_body_class":"","_genesis_custom_post_class":"","_genesis_layout":"","_jetpack_memberships_contains_paid_content":false,"footnotes":""},"categories":[22],"tags":[],"class_list":{"0":"post-69969","1":"post","2":"type-post","3":"status-publish","4":"format-standard","5":"has-post-thumbnail","7":"category-brasil","8":"entry","9":"gs-1","10":"gs-odd","11":"gs-even","12":"gs-featured-content-entry"},"jetpack_featured_media_url":"https:\/\/www.redenoticia.com.br\/noticia\/imagens\/tecnologia1.jpg","jetpack_sharing_enabled":true,"jetpack_likes_enabled":true,"_links":{"self":[{"href":"https:\/\/www.redenoticia.com.br\/noticia\/wp-json\/wp\/v2\/posts\/69969","targetHints":{"allow":["GET"]}}],"collection":[{"href":"https:\/\/www.redenoticia.com.br\/noticia\/wp-json\/wp\/v2\/posts"}],"about":[{"href":"https:\/\/www.redenoticia.com.br\/noticia\/wp-json\/wp\/v2\/types\/post"}],"author":[{"embeddable":true,"href":"https:\/\/www.redenoticia.com.br\/noticia\/wp-json\/wp\/v2\/users\/2"}],"replies":[{"embeddable":true,"href":"https:\/\/www.redenoticia.com.br\/noticia\/wp-json\/wp\/v2\/comments?post=69969"}],"version-history":[{"count":0,"href":"https:\/\/www.redenoticia.com.br\/noticia\/wp-json\/wp\/v2\/posts\/69969\/revisions"}],"wp:featuredmedia":[{"embeddable":true,"href":"https:\/\/www.redenoticia.com.br\/noticia\/wp-json\/wp\/v2\/media\/57576"}],"wp:attachment":[{"href":"https:\/\/www.redenoticia.com.br\/noticia\/wp-json\/wp\/v2\/media?parent=69969"}],"wp:term":[{"taxonomy":"category","embeddable":true,"href":"https:\/\/www.redenoticia.com.br\/noticia\/wp-json\/wp\/v2\/categories?post=69969"},{"taxonomy":"post_tag","embeddable":true,"href":"https:\/\/www.redenoticia.com.br\/noticia\/wp-json\/wp\/v2\/tags?post=69969"}],"curies":[{"name":"wp","href":"https:\/\/api.w.org\/{rel}","templated":true}]}}