{"id":69935,"date":"2015-05-06T16:12:35","date_gmt":"2015-05-06T19:12:35","guid":{"rendered":"http:\/\/www.redenoticia.com.br\/noticia\/?p=69935"},"modified":"2015-05-06T16:12:35","modified_gmt":"2015-05-06T19:12:35","slug":"inflacao-para-familias-que-ganham-menos-sobe-074-em-abril","status":"publish","type":"post","link":"https:\/\/www.redenoticia.com.br\/noticia\/2015\/inflacao-para-familias-que-ganham-menos-sobe-074-em-abril\/69935","title":{"rendered":"Infla\u00e7\u00e3o para fam\u00edlias que ganham menos sobe 0,74% em abril"},"content":{"rendered":"<p> A <strong><em>infla\u00e7\u00e3o<\/em><\/strong> medida pelo \u00cdndice de Pre\u00e7os ao Consumidor-Classe 1 (IPC-C1), no m\u00eas de abril, apresentou alta de 0,74%, taxa 0,90 ponto percentual abaixo da apurada em mar\u00e7o, quando o \u00edndice registrou varia\u00e7\u00e3o de 1,64%. Com este resultado, o indicador acumula alta de 5,30%, no ano e 8,57% nos \u00faltimos 12 meses.<\/p>\n<p>O IPC-C1 mede a varia\u00e7\u00e3o de pre\u00e7os de uma cesta de produtos e servi\u00e7os para fam\u00edlias com renda at\u00e9 2,5 sal\u00e1rios-m\u00ednimos.<\/p>\n<p>Os dados foram divulgados pelo Instituto Brasileiro de Economia (Ibre) da Funda\u00e7\u00e3o Getulio Vargas (FGV). Em abril, cinco das oito classes de despesa componentes do IPC-C1 apresentaram decr\u00e9scimo nas taxas de varia\u00e7\u00e3o: a classe habita\u00e7\u00e3o diminuiu de 4,14% para 0,64%; o item alimenta\u00e7\u00e3o caiu de 1,12% para 0,82%; houve decl\u00ednio de transportes, de 0,72% para 0,18%; de educa\u00e7\u00e3o, leitura e recrea\u00e7\u00e3o, de 0,52% para 0,22%, e de despesas diversas, de 0,56% para 0,36%.<\/p>\n<p>Nielmar de Oliveira &#8211; Rep\u00f3rter da Ag\u00eancia Brasil<br \/>\nEdi\u00e7\u00e3o: Jos\u00e9 Romildo<\/p>\n<p>&#8212;<br \/>\nA Empresa Brasil de Comunica\u00e7\u00e3o \u00e9 uma institui\u00e7\u00e3o da democracia brasileira: p\u00fablica, inclusiva e cidad\u00e3.  Criada em 2007 para fortalecer o sistema p\u00fablico de comunica\u00e7\u00e3o, \u00e9 gestora dos canais TV Brasil, TV Brasil Internacional, Ag\u00eancia Brasil, Radioag\u00eancia Nacional e do sistema p\u00fablico de R\u00e1dio \u2013 composto por oito emissoras. Estes, por sua independ\u00eancia editorial, distinguem-se dos canais estatais ou governamentais, com conte\u00fados diferenciados e complementares aos canais privados. Os ve\u00edculos da EBC t\u00eam autonomia para definir produ\u00e7\u00e3o, programa\u00e7\u00e3o e distribui\u00e7\u00e3o de conte\u00fados.<\/p>\n","protected":false},"excerpt":{"rendered":"<p>A infla\u00e7\u00e3o medida pelo \u00cdndice de Pre\u00e7os ao Consumidor-Classe 1 (IPC-C1), no m\u00eas de abril, apresentou alta de 0,74%, taxa 0,90 ponto percentual abaixo da apurada em mar\u00e7o, quando o \u00edndice registrou varia\u00e7\u00e3o de 1,64%. Com este resultado, o indicador acumula alta de 5,30%, no ano e 8,57% nos \u00faltimos 12 meses. O IPC-C1 mede [&hellip;]<\/p>\n","protected":false},"author":2,"featured_media":57584,"comment_status":"open","ping_status":"closed","sticky":false,"template":"","format":"standard","meta":{"_genesis_hide_title":false,"_genesis_hide_breadcrumbs":false,"_genesis_hide_singular_image":false,"_genesis_hide_footer_widgets":false,"_genesis_custom_body_class":"","_genesis_custom_post_class":"","_genesis_layout":"","_jetpack_memberships_contains_paid_content":false,"footnotes":""},"categories":[22,7],"tags":[],"class_list":{"0":"post-69935","1":"post","2":"type-post","3":"status-publish","4":"format-standard","5":"has-post-thumbnail","7":"category-brasil","8":"category-economia","9":"entry","10":"gs-1","11":"gs-odd","12":"gs-even","13":"gs-featured-content-entry"},"jetpack_featured_media_url":"https:\/\/www.redenoticia.com.br\/noticia\/imagens\/economia-grafica-analise-inflacao.jpg","jetpack_sharing_enabled":true,"jetpack_likes_enabled":true,"_links":{"self":[{"href":"https:\/\/www.redenoticia.com.br\/noticia\/wp-json\/wp\/v2\/posts\/69935","targetHints":{"allow":["GET"]}}],"collection":[{"href":"https:\/\/www.redenoticia.com.br\/noticia\/wp-json\/wp\/v2\/posts"}],"about":[{"href":"https:\/\/www.redenoticia.com.br\/noticia\/wp-json\/wp\/v2\/types\/post"}],"author":[{"embeddable":true,"href":"https:\/\/www.redenoticia.com.br\/noticia\/wp-json\/wp\/v2\/users\/2"}],"replies":[{"embeddable":true,"href":"https:\/\/www.redenoticia.com.br\/noticia\/wp-json\/wp\/v2\/comments?post=69935"}],"version-history":[{"count":0,"href":"https:\/\/www.redenoticia.com.br\/noticia\/wp-json\/wp\/v2\/posts\/69935\/revisions"}],"wp:featuredmedia":[{"embeddable":true,"href":"https:\/\/www.redenoticia.com.br\/noticia\/wp-json\/wp\/v2\/media\/57584"}],"wp:attachment":[{"href":"https:\/\/www.redenoticia.com.br\/noticia\/wp-json\/wp\/v2\/media?parent=69935"}],"wp:term":[{"taxonomy":"category","embeddable":true,"href":"https:\/\/www.redenoticia.com.br\/noticia\/wp-json\/wp\/v2\/categories?post=69935"},{"taxonomy":"post_tag","embeddable":true,"href":"https:\/\/www.redenoticia.com.br\/noticia\/wp-json\/wp\/v2\/tags?post=69935"}],"curies":[{"name":"wp","href":"https:\/\/api.w.org\/{rel}","templated":true}]}}