{"id":69933,"date":"2015-05-06T16:10:10","date_gmt":"2015-05-06T19:10:10","guid":{"rendered":"http:\/\/www.redenoticia.com.br\/noticia\/?p=69933"},"modified":"2015-05-06T16:10:10","modified_gmt":"2015-05-06T19:10:10","slug":"indice-que-acompanha-precos-de-commodities-cai-214-em-abril","status":"publish","type":"post","link":"https:\/\/www.redenoticia.com.br\/noticia\/2015\/indice-que-acompanha-precos-de-commodities-cai-214-em-abril\/69933","title":{"rendered":"\u00cdndice que acompanha pre\u00e7os de commodities cai 2,14% em abril"},"content":{"rendered":"<p> O <strong><em>\u00cdndice de Commodities<\/em><\/strong> Brasil (IC-Br), que acompanha os pre\u00e7os das commodities (produtos prim\u00e1rios com cota\u00e7\u00e3o internacional) teve, em abril, queda de 2,14%, na compara\u00e7\u00e3o com mar\u00e7o. No ano, o \u00edndice acumula alta de 5,13%. No acumulado de 12 meses, cresceu 6,11%.<\/p>\n<p>Os dados foram divulgados pelo Banco Central (BC). O IC-Br \u00e9 calculado com base na varia\u00e7\u00e3o dos pre\u00e7os de produtos prim\u00e1rios negociados no exterior. Para isso, o BC observa os produtos relevantes para a din\u00e2mica dos pre\u00e7os ao consumidor no Brasil. No m\u00eas passado, houve queda nos tr\u00eas segmentos levados em conta para o c\u00e1lculo na compara\u00e7\u00e3o com mar\u00e7o.<\/p>\n<p>O IC-Br do setor agropecu\u00e1rio (carne de boi, algod\u00e3o, \u00f3leo de soja, trigo, a\u00e7\u00facar, milho, caf\u00e9, arroz e carne de porco) diminuiu 2,35%. No segmento de metal (alum\u00ednio, min\u00e9rio de ferro, cobre, estanho, zinco, chumbo e n\u00edquel), a queda foi 2,24%. Por fim, no segmento de energia (petr\u00f3leo, g\u00e1s natural e carv\u00e3o), o indicador teve retra\u00e7\u00e3o de 1% em rela\u00e7\u00e3o ao m\u00eas anterior.<\/p>\n<p>O \u00cdndice Internacional de Pre\u00e7os de Commodities (CRB), calculado pelo Commodity Research Bureau, registrou queda de 3,46% em abril e tem alta de 7,34% no acumulado do ano. <\/p>\n<p>Mariana Branco &#8211; Rep\u00f3rter da Ag\u00eancia Brasil<br \/>\nEdi\u00e7\u00e3o: Jos\u00e9 Romildo<\/p>\n","protected":false},"excerpt":{"rendered":"<p>O \u00cdndice de Commodities Brasil (IC-Br), que acompanha os pre\u00e7os das commodities (produtos prim\u00e1rios com cota\u00e7\u00e3o internacional) teve, em abril, queda de 2,14%, na compara\u00e7\u00e3o com mar\u00e7o. No ano, o \u00edndice acumula alta de 5,13%. No acumulado de 12 meses, cresceu 6,11%. Os dados foram divulgados pelo Banco Central (BC). O IC-Br \u00e9 calculado com [&hellip;]<\/p>\n","protected":false},"author":2,"featured_media":57583,"comment_status":"open","ping_status":"closed","sticky":false,"template":"","format":"standard","meta":{"_genesis_hide_title":false,"_genesis_hide_breadcrumbs":false,"_genesis_hide_singular_image":false,"_genesis_hide_footer_widgets":false,"_genesis_custom_body_class":"","_genesis_custom_post_class":"","_genesis_layout":"","_jetpack_memberships_contains_paid_content":false,"footnotes":""},"categories":[22,7],"tags":[],"class_list":{"0":"post-69933","1":"post","2":"type-post","3":"status-publish","4":"format-standard","5":"has-post-thumbnail","7":"category-brasil","8":"category-economia","9":"entry","10":"gs-1","11":"gs-odd","12":"gs-even","13":"gs-featured-content-entry"},"jetpack_featured_media_url":"https:\/\/www.redenoticia.com.br\/noticia\/imagens\/economia-grafico.jpg","jetpack_sharing_enabled":true,"jetpack_likes_enabled":true,"_links":{"self":[{"href":"https:\/\/www.redenoticia.com.br\/noticia\/wp-json\/wp\/v2\/posts\/69933","targetHints":{"allow":["GET"]}}],"collection":[{"href":"https:\/\/www.redenoticia.com.br\/noticia\/wp-json\/wp\/v2\/posts"}],"about":[{"href":"https:\/\/www.redenoticia.com.br\/noticia\/wp-json\/wp\/v2\/types\/post"}],"author":[{"embeddable":true,"href":"https:\/\/www.redenoticia.com.br\/noticia\/wp-json\/wp\/v2\/users\/2"}],"replies":[{"embeddable":true,"href":"https:\/\/www.redenoticia.com.br\/noticia\/wp-json\/wp\/v2\/comments?post=69933"}],"version-history":[{"count":0,"href":"https:\/\/www.redenoticia.com.br\/noticia\/wp-json\/wp\/v2\/posts\/69933\/revisions"}],"wp:featuredmedia":[{"embeddable":true,"href":"https:\/\/www.redenoticia.com.br\/noticia\/wp-json\/wp\/v2\/media\/57583"}],"wp:attachment":[{"href":"https:\/\/www.redenoticia.com.br\/noticia\/wp-json\/wp\/v2\/media?parent=69933"}],"wp:term":[{"taxonomy":"category","embeddable":true,"href":"https:\/\/www.redenoticia.com.br\/noticia\/wp-json\/wp\/v2\/categories?post=69933"},{"taxonomy":"post_tag","embeddable":true,"href":"https:\/\/www.redenoticia.com.br\/noticia\/wp-json\/wp\/v2\/tags?post=69933"}],"curies":[{"name":"wp","href":"https:\/\/api.w.org\/{rel}","templated":true}]}}