{"id":69929,"date":"2015-05-06T16:06:20","date_gmt":"2015-05-06T19:06:20","guid":{"rendered":"http:\/\/www.redenoticia.com.br\/noticia\/?p=69929"},"modified":"2015-05-06T16:06:20","modified_gmt":"2015-05-06T19:06:20","slug":"ibge-queda-de-08-na-producao-industrial-em-marco-e-a-pior-desde-2006","status":"publish","type":"post","link":"https:\/\/www.redenoticia.com.br\/noticia\/2015\/ibge-queda-de-08-na-producao-industrial-em-marco-e-a-pior-desde-2006\/69929","title":{"rendered":"IBGE: queda de 0,8% na produ\u00e7\u00e3o industrial em mar\u00e7o \u00e9 a pior desde 2006"},"content":{"rendered":"<p> A queda de 0,8% na <strong><em>produ\u00e7\u00e3o industrial<\/em><\/strong> brasileira em mar\u00e7o, a segunda consecutiva depois de uma ligeira recupera\u00e7\u00e3o em janeiro, \u00e9 a pior para o m\u00eas desde mar\u00e7o de 2006, quando a retra\u00e7\u00e3o foi 1,3%. A informa\u00e7\u00e3o consta da Pesquisa Industrial Mensal do Instituto Brasileiro de Geografia e Estat\u00edstica (IBGE).<\/p>\n<p>O decr\u00e9scimo reflete, segundo o gerente de ind\u00fastria do IBGE, Andr\u00e9 Luiz Macedo, o \u201cbaixo n\u00edvel de confian\u00e7a do empres\u00e1rio e do consumidor\u201d. Segundo ele, o resultado ocorre em raz\u00e3o de \u201cuma evolu\u00e7\u00e3o mais lenta da demanda dom\u00e9stica\u201d. Ele acrescentou que o \u201cacesso ao cr\u00e9dito [est\u00e1] mais caro e mais restitivo e [decorre de] um cen\u00e1rio econ\u00f4mico internacional ainda adverso\u201d.<\/p>\n<p>Na avalia\u00e7\u00e3o do economista do IBGE, a maior parte das categorias econ\u00f4micas acusam resultados negativos. \u201cO setor industrial vem mantendo neste in\u00edcio de 2015 um comportamento de menor dinamismo que j\u00e1 era observado ao longo de 2014\u201d, acrescentou Macedo.<\/p>\n<p>Nielmar de Oliveira &#8211; Rep\u00f3rter da Ag\u00eancia Brasil<br \/>\nEdi\u00e7\u00e3o: Jos\u00e9 Romildo<\/p>\n","protected":false},"excerpt":{"rendered":"<p>A queda de 0,8% na produ\u00e7\u00e3o industrial brasileira em mar\u00e7o, a segunda consecutiva depois de uma ligeira recupera\u00e7\u00e3o em janeiro, \u00e9 a pior para o m\u00eas desde mar\u00e7o de 2006, quando a retra\u00e7\u00e3o foi 1,3%. A informa\u00e7\u00e3o consta da Pesquisa Industrial Mensal do Instituto Brasileiro de Geografia e Estat\u00edstica (IBGE). O decr\u00e9scimo reflete, segundo o [&hellip;]<\/p>\n","protected":false},"author":2,"featured_media":40517,"comment_status":"open","ping_status":"closed","sticky":false,"template":"","format":"standard","meta":{"_genesis_hide_title":false,"_genesis_hide_breadcrumbs":false,"_genesis_hide_singular_image":false,"_genesis_hide_footer_widgets":false,"_genesis_custom_body_class":"","_genesis_custom_post_class":"","_genesis_layout":"","_jetpack_memberships_contains_paid_content":false,"footnotes":""},"categories":[22,7],"tags":[],"class_list":{"0":"post-69929","1":"post","2":"type-post","3":"status-publish","4":"format-standard","5":"has-post-thumbnail","7":"category-brasil","8":"category-economia","9":"entry","10":"gs-1","11":"gs-odd","12":"gs-even","13":"gs-featured-content-entry"},"jetpack_featured_media_url":"https:\/\/www.redenoticia.com.br\/noticia\/imagens\/economia-previsao.jpg","jetpack_sharing_enabled":true,"jetpack_likes_enabled":true,"_links":{"self":[{"href":"https:\/\/www.redenoticia.com.br\/noticia\/wp-json\/wp\/v2\/posts\/69929","targetHints":{"allow":["GET"]}}],"collection":[{"href":"https:\/\/www.redenoticia.com.br\/noticia\/wp-json\/wp\/v2\/posts"}],"about":[{"href":"https:\/\/www.redenoticia.com.br\/noticia\/wp-json\/wp\/v2\/types\/post"}],"author":[{"embeddable":true,"href":"https:\/\/www.redenoticia.com.br\/noticia\/wp-json\/wp\/v2\/users\/2"}],"replies":[{"embeddable":true,"href":"https:\/\/www.redenoticia.com.br\/noticia\/wp-json\/wp\/v2\/comments?post=69929"}],"version-history":[{"count":0,"href":"https:\/\/www.redenoticia.com.br\/noticia\/wp-json\/wp\/v2\/posts\/69929\/revisions"}],"wp:featuredmedia":[{"embeddable":true,"href":"https:\/\/www.redenoticia.com.br\/noticia\/wp-json\/wp\/v2\/media\/40517"}],"wp:attachment":[{"href":"https:\/\/www.redenoticia.com.br\/noticia\/wp-json\/wp\/v2\/media?parent=69929"}],"wp:term":[{"taxonomy":"category","embeddable":true,"href":"https:\/\/www.redenoticia.com.br\/noticia\/wp-json\/wp\/v2\/categories?post=69929"},{"taxonomy":"post_tag","embeddable":true,"href":"https:\/\/www.redenoticia.com.br\/noticia\/wp-json\/wp\/v2\/tags?post=69929"}],"curies":[{"name":"wp","href":"https:\/\/api.w.org\/{rel}","templated":true}]}}