{"id":69927,"date":"2015-05-06T16:04:40","date_gmt":"2015-05-06T19:04:40","guid":{"rendered":"http:\/\/www.redenoticia.com.br\/noticia\/?p=69927"},"modified":"2015-05-06T16:04:40","modified_gmt":"2015-05-06T19:04:40","slug":"pesquise-a-passagem-de-sua-familia-pela-hospedaria-do-imigrante","status":"publish","type":"post","link":"https:\/\/www.redenoticia.com.br\/noticia\/2015\/pesquise-a-passagem-de-sua-familia-pela-hospedaria-do-imigrante\/69927","title":{"rendered":"Pesquise a passagem de sua fam\u00edlia pela Hospedaria do Imigrante"},"content":{"rendered":"<p>Portugueses, italianos, japoneses, coreanos, libaneses e diversas outras nacionalidades est\u00e3o representadas nos documentos que registram a entrada de imigrantes em S\u00e3o Paulo. Que tal, por exemplo, saber se sua fam\u00edlia passou pela <strong><em>Hospedaria dos Imigrantes<\/em><\/strong> entre\u00a01887 e 1978? O Memorial do Imigrante est\u00e1 dispon\u00edvel .<\/p>\n<p>Por meio da p\u00e1gina \u00e9 poss\u00edvel localizar indiv\u00edduos que desembarcaram no Porto de Santos, os que deram entrada na Hospedaria de Imigrantes entre 1887 e 1978 ou pessoas que foram registradas nos \u00f3rg\u00e3os de fiscaliza\u00e7\u00e3o de estrangeiros em S\u00e3o Paulo entre os anos de 1939 e 1984.\u00a0Tamb\u00e9m comp\u00f5e o acervo uma s\u00e9rie de fontes representativas da inser\u00e7\u00e3o econ\u00f4mica da popula\u00e7\u00e3o imigrada.<\/p>\n<p>A import\u00e2ncia da\u00a0Hospedaria de Imigrantes<\/p>\n<p>Constru\u00edda entre os anos de 1886 e 1888, a antiga &#8220;Hospedaria de Imigrantes do Br\u00e1s\u201d foi um dos maiores centros de recep\u00e7\u00e3o de estrangeiros j\u00e1 existentes no Brasil. Por suas depend\u00eancias passaram mais de dois milh\u00f5es de pessoas entre os anos de 1887 e 1978.<\/p>\n<p> e boa pesquisa!<\/p>\n<p>Do Portal do Governo do Estado<\/p>\n","protected":false},"excerpt":{"rendered":"<p>Portugueses, italianos, japoneses, coreanos, libaneses e diversas outras nacionalidades est\u00e3o representadas nos documentos que registram a entrada de imigrantes em S\u00e3o Paulo. Que tal, por exemplo, saber se sua fam\u00edlia passou pela Hospedaria dos Imigrantes entre\u00a01887 e 1978? O Memorial do Imigrante est\u00e1 dispon\u00edvel . Por meio da p\u00e1gina \u00e9 poss\u00edvel localizar indiv\u00edduos que desembarcaram [&hellip;]<\/p>\n","protected":false},"author":2,"featured_media":57577,"comment_status":"open","ping_status":"closed","sticky":false,"template":"","format":"standard","meta":{"_genesis_hide_title":false,"_genesis_hide_breadcrumbs":false,"_genesis_hide_singular_image":false,"_genesis_hide_footer_widgets":false,"_genesis_custom_body_class":"","_genesis_custom_post_class":"","_genesis_layout":"","_jetpack_memberships_contains_paid_content":false,"footnotes":""},"categories":[22],"tags":[],"class_list":{"0":"post-69927","1":"post","2":"type-post","3":"status-publish","4":"format-standard","5":"has-post-thumbnail","7":"category-brasil","8":"entry","9":"gs-1","10":"gs-odd","11":"gs-even","12":"gs-featured-content-entry"},"jetpack_featured_media_url":"https:\/\/www.redenoticia.com.br\/noticia\/imagens\/tecnologia-inscricao.jpg","jetpack_sharing_enabled":true,"jetpack_likes_enabled":true,"_links":{"self":[{"href":"https:\/\/www.redenoticia.com.br\/noticia\/wp-json\/wp\/v2\/posts\/69927","targetHints":{"allow":["GET"]}}],"collection":[{"href":"https:\/\/www.redenoticia.com.br\/noticia\/wp-json\/wp\/v2\/posts"}],"about":[{"href":"https:\/\/www.redenoticia.com.br\/noticia\/wp-json\/wp\/v2\/types\/post"}],"author":[{"embeddable":true,"href":"https:\/\/www.redenoticia.com.br\/noticia\/wp-json\/wp\/v2\/users\/2"}],"replies":[{"embeddable":true,"href":"https:\/\/www.redenoticia.com.br\/noticia\/wp-json\/wp\/v2\/comments?post=69927"}],"version-history":[{"count":0,"href":"https:\/\/www.redenoticia.com.br\/noticia\/wp-json\/wp\/v2\/posts\/69927\/revisions"}],"wp:featuredmedia":[{"embeddable":true,"href":"https:\/\/www.redenoticia.com.br\/noticia\/wp-json\/wp\/v2\/media\/57577"}],"wp:attachment":[{"href":"https:\/\/www.redenoticia.com.br\/noticia\/wp-json\/wp\/v2\/media?parent=69927"}],"wp:term":[{"taxonomy":"category","embeddable":true,"href":"https:\/\/www.redenoticia.com.br\/noticia\/wp-json\/wp\/v2\/categories?post=69927"},{"taxonomy":"post_tag","embeddable":true,"href":"https:\/\/www.redenoticia.com.br\/noticia\/wp-json\/wp\/v2\/tags?post=69927"}],"curies":[{"name":"wp","href":"https:\/\/api.w.org\/{rel}","templated":true}]}}