{"id":69884,"date":"2015-05-05T15:52:31","date_gmt":"2015-05-05T18:52:31","guid":{"rendered":"http:\/\/www.redenoticia.com.br\/noticia\/?p=69884"},"modified":"2015-05-05T15:52:31","modified_gmt":"2015-05-05T18:52:31","slug":"balanca-comercial-registra-menor-resultado-para-abril-em-dois-anos","status":"publish","type":"post","link":"https:\/\/www.redenoticia.com.br\/noticia\/2015\/balanca-comercial-registra-menor-resultado-para-abril-em-dois-anos\/69884","title":{"rendered":"Balan\u00e7a comercial registra menor resultado para abril em dois anos"},"content":{"rendered":"<p> A <strong><em>balan\u00e7a comercial<\/em><\/strong> registrou em abril o super\u00e1vit mais baixo em dois anos. No m\u00eas passado, o pa\u00eds exportou US$ 491 milh\u00f5es a mais do que importou. O resultado \u00e9 o segundo pior da s\u00e9rie hist\u00f3rica para o m\u00eas, s\u00f3 perdendo para o de abril de 2013, quando o indicador apresentou d\u00e9ficit de US$ 989 milh\u00f5es.<\/p>\n<p>Em rela\u00e7\u00e3o ao ano passado, o super\u00e1vit da balan\u00e7a em abril caiu 3%. Em abril de 2014, o pa\u00eds exportou US$ 506 milh\u00f5es a mais do que importou. No m\u00eas passado, as exporta\u00e7\u00f5es somaram US$ 19,724 bilh\u00f5es, com queda de 23,2% em rela\u00e7\u00e3o a abril do ano passado pela m\u00e9dia di\u00e1ria. As importa\u00e7\u00f5es totalizaram US$ 19,218 bilh\u00f5es, recuo de 23,7% na mesma compara\u00e7\u00e3o.<\/p>\n<p>O resultado positivo em abril ajudou a reduzir para US$ 5,066 bilh\u00f5es o d\u00e9ficit acumulado na balan\u00e7a comercial em 2015. No mesmo per\u00edodo do ano passado, a balan\u00e7a acumulava resultado negativo de US$ 5,573 bilh\u00f5es.<\/p>\n<p>Nos quatro primeiros meses do ano, as exporta\u00e7\u00f5es ca\u00edram mais que as importa\u00e7\u00f5es. De janeiro a abril, o pa\u00eds exportou US$ 57,931 bilh\u00f5es, queda de 16,4% pela m\u00e9dia di\u00e1ria em rela\u00e7\u00e3o ao mesmo per\u00edodo de 2014. As importa\u00e7\u00f5es somaram US$ 62,997 bilh\u00f5es, retra\u00e7\u00e3o de 15,9% tamb\u00e9m pela m\u00e9dia di\u00e1ria.<\/p>\n<p>As tr\u00eas principais categorias de produtos exportados tiveram queda no acumulado do ano. As vendas de produtos b\u00e1sicos ca\u00edram 23,6% na compara\u00e7\u00e3o com os quatro primeiros meses do ano passado. Os principais itens que puxaram a redu\u00e7\u00e3o foram o min\u00e9rio de ferro (-45,1%), a soja em gr\u00e3o (-41%) e a carne bovina (-24,2%). Esses produtos atravessam queda de pre\u00e7os no mercado internacional.<\/p>\n<p>As exporta\u00e7\u00f5es de manufaturados ca\u00edram 11,3%, por causa principalmente de motores e geradores (-22,9%), m\u00e1quinas de terraplanagem (-20,8%) e autom\u00f3veis (-19%). As vendas externas de semimanufaturados ca\u00edram 2,5% no acumulado do ano, com destaque para a\u00e7\u00facar em bruto (-13,8%), couros e pelos (-12,2%) e ferro fundido (-10,9%).<\/p>\n<p>Wellton M\u00e1ximo \u2013 Rep\u00f3rter da Ag\u00eancia Brasil<br \/>\nEdi\u00e7\u00e3o: Beto Coura<\/p>\n","protected":false},"excerpt":{"rendered":"<p>A balan\u00e7a comercial registrou em abril o super\u00e1vit mais baixo em dois anos. No m\u00eas passado, o pa\u00eds exportou US$ 491 milh\u00f5es a mais do que importou. O resultado \u00e9 o segundo pior da s\u00e9rie hist\u00f3rica para o m\u00eas, s\u00f3 perdendo para o de abril de 2013, quando o indicador apresentou d\u00e9ficit de US$ 989 [&hellip;]<\/p>\n","protected":false},"author":2,"featured_media":40734,"comment_status":"open","ping_status":"closed","sticky":false,"template":"","format":"standard","meta":{"_genesis_hide_title":false,"_genesis_hide_breadcrumbs":false,"_genesis_hide_singular_image":false,"_genesis_hide_footer_widgets":false,"_genesis_custom_body_class":"","_genesis_custom_post_class":"","_genesis_layout":"","_jetpack_memberships_contains_paid_content":false,"footnotes":""},"categories":[22,7],"tags":[],"class_list":{"0":"post-69884","1":"post","2":"type-post","3":"status-publish","4":"format-standard","5":"has-post-thumbnail","7":"category-brasil","8":"category-economia","9":"entry","10":"gs-1","11":"gs-odd","12":"gs-even","13":"gs-featured-content-entry"},"jetpack_featured_media_url":"https:\/\/www.redenoticia.com.br\/noticia\/imagens\/economia-resultados.jpg","jetpack_sharing_enabled":true,"jetpack_likes_enabled":true,"_links":{"self":[{"href":"https:\/\/www.redenoticia.com.br\/noticia\/wp-json\/wp\/v2\/posts\/69884","targetHints":{"allow":["GET"]}}],"collection":[{"href":"https:\/\/www.redenoticia.com.br\/noticia\/wp-json\/wp\/v2\/posts"}],"about":[{"href":"https:\/\/www.redenoticia.com.br\/noticia\/wp-json\/wp\/v2\/types\/post"}],"author":[{"embeddable":true,"href":"https:\/\/www.redenoticia.com.br\/noticia\/wp-json\/wp\/v2\/users\/2"}],"replies":[{"embeddable":true,"href":"https:\/\/www.redenoticia.com.br\/noticia\/wp-json\/wp\/v2\/comments?post=69884"}],"version-history":[{"count":0,"href":"https:\/\/www.redenoticia.com.br\/noticia\/wp-json\/wp\/v2\/posts\/69884\/revisions"}],"wp:featuredmedia":[{"embeddable":true,"href":"https:\/\/www.redenoticia.com.br\/noticia\/wp-json\/wp\/v2\/media\/40734"}],"wp:attachment":[{"href":"https:\/\/www.redenoticia.com.br\/noticia\/wp-json\/wp\/v2\/media?parent=69884"}],"wp:term":[{"taxonomy":"category","embeddable":true,"href":"https:\/\/www.redenoticia.com.br\/noticia\/wp-json\/wp\/v2\/categories?post=69884"},{"taxonomy":"post_tag","embeddable":true,"href":"https:\/\/www.redenoticia.com.br\/noticia\/wp-json\/wp\/v2\/tags?post=69884"}],"curies":[{"name":"wp","href":"https:\/\/api.w.org\/{rel}","templated":true}]}}