{"id":69882,"date":"2015-05-05T15:43:16","date_gmt":"2015-05-05T18:43:16","guid":{"rendered":"http:\/\/www.redenoticia.com.br\/noticia\/?p=69882"},"modified":"2015-05-05T15:43:16","modified_gmt":"2015-05-05T18:43:16","slug":"venda-de-veiculos-tem-queda-636-em-abril","status":"publish","type":"post","link":"https:\/\/www.redenoticia.com.br\/noticia\/2015\/venda-de-veiculos-tem-queda-636-em-abril\/69882","title":{"rendered":"Venda de ve\u00edculos tem queda 6,36% em abril"},"content":{"rendered":"<p> As <strong><em>vendas de autom\u00f3veis<\/em><\/strong> e ve\u00edculos comerciais leves, com furg\u00f5es e picapes, registraram queda de 6,36% em abril na compara\u00e7\u00e3o com mar\u00e7o, aponta balan\u00e7o da Federa\u00e7\u00e3o Nacional da Distribui\u00e7\u00e3o de Ve\u00edculos Automotores (Fenabrave). Em rela\u00e7\u00e3o ao mesmo per\u00edodo do ano passado, o recuo \u00e9 de 24,35%. De janeiro a abril deste ano, a comercializa\u00e7\u00e3o de ve\u00edculos novos acumula decr\u00e9scimo de 18,39% em rela\u00e7\u00e3o aos primeiros quatro meses de 2014.<\/p>\n<p>O levantamento, feito com base nos emplacamentos, mostra que foram vendidos 14.367 ve\u00edculos a menos em abril em rela\u00e7\u00e3o a mar\u00e7o, quando 225.972 foram comercializados. No acumulado do ano, o d\u00e9ficit \u00e9 de mais de 193,8 mil ve\u00edculos, tendo em vista que as vendas entre janeiro e abril de 2014 ultrapassavam 1,054 milh\u00e3o.<\/p>\n<p>Incluindo \u00f4nibus e caminh\u00f5es, a queda \u00e9 de 6,53% na compara\u00e7\u00e3o com o m\u00eas anterior e de 25,19% em rela\u00e7\u00e3o a abril do ano passado. No acumulado de 2015, as vendas ca\u00edram 19,19%. Considerando todos os segmentos, acrescentando moto, implementos rodovi\u00e1rios e m\u00e1quinas agr\u00edcolas, o recuo anual foi 21,08%. O pior resultado foi observado no item implementos rodovi\u00e1rios, como ca\u00e7ambas, que teve queda de 51,31% ante abril de 2014.<\/p>\n<p>A Febrave refez as proje\u00e7\u00f5es de vendas para o ano devido ao desempenho apresentado nos quatro primeiros meses do ano. A estimativa agora \u00e9 que o setor registre queda de 18% no ano em rela\u00e7\u00e3o aos autom\u00f3veis e comerciais leves. Em parte do setor (excluindo apenas implementos rodovi\u00e1rios e m\u00e1quinas agr\u00edcolas), a proje\u00e7\u00e3o \u00e9 de um recuo de 16,5%.<\/p>\n<p>Camila Maciel &#8211; Rep\u00f3rter da Ag\u00eancia Brasil<br \/>\nEdi\u00e7\u00e3o: Maria Claudia<\/p>\n","protected":false},"excerpt":{"rendered":"<p>As vendas de autom\u00f3veis e ve\u00edculos comerciais leves, com furg\u00f5es e picapes, registraram queda de 6,36% em abril na compara\u00e7\u00e3o com mar\u00e7o, aponta balan\u00e7o da Federa\u00e7\u00e3o Nacional da Distribui\u00e7\u00e3o de Ve\u00edculos Automotores (Fenabrave). Em rela\u00e7\u00e3o ao mesmo per\u00edodo do ano passado, o recuo \u00e9 de 24,35%. De janeiro a abril deste ano, a comercializa\u00e7\u00e3o de [&hellip;]<\/p>\n","protected":false},"author":2,"featured_media":35207,"comment_status":"open","ping_status":"closed","sticky":false,"template":"","format":"standard","meta":{"_genesis_hide_title":false,"_genesis_hide_breadcrumbs":false,"_genesis_hide_singular_image":false,"_genesis_hide_footer_widgets":false,"_genesis_custom_body_class":"","_genesis_custom_post_class":"","_genesis_layout":"","_jetpack_memberships_contains_paid_content":false,"footnotes":""},"categories":[22,7],"tags":[],"class_list":{"0":"post-69882","1":"post","2":"type-post","3":"status-publish","4":"format-standard","5":"has-post-thumbnail","7":"category-brasil","8":"category-economia","9":"entry","10":"gs-1","11":"gs-odd","12":"gs-even","13":"gs-featured-content-entry"},"jetpack_featured_media_url":"https:\/\/www.redenoticia.com.br\/noticia\/imagens\/transito-estradas.jpg","jetpack_sharing_enabled":true,"jetpack_likes_enabled":true,"_links":{"self":[{"href":"https:\/\/www.redenoticia.com.br\/noticia\/wp-json\/wp\/v2\/posts\/69882","targetHints":{"allow":["GET"]}}],"collection":[{"href":"https:\/\/www.redenoticia.com.br\/noticia\/wp-json\/wp\/v2\/posts"}],"about":[{"href":"https:\/\/www.redenoticia.com.br\/noticia\/wp-json\/wp\/v2\/types\/post"}],"author":[{"embeddable":true,"href":"https:\/\/www.redenoticia.com.br\/noticia\/wp-json\/wp\/v2\/users\/2"}],"replies":[{"embeddable":true,"href":"https:\/\/www.redenoticia.com.br\/noticia\/wp-json\/wp\/v2\/comments?post=69882"}],"version-history":[{"count":0,"href":"https:\/\/www.redenoticia.com.br\/noticia\/wp-json\/wp\/v2\/posts\/69882\/revisions"}],"wp:featuredmedia":[{"embeddable":true,"href":"https:\/\/www.redenoticia.com.br\/noticia\/wp-json\/wp\/v2\/media\/35207"}],"wp:attachment":[{"href":"https:\/\/www.redenoticia.com.br\/noticia\/wp-json\/wp\/v2\/media?parent=69882"}],"wp:term":[{"taxonomy":"category","embeddable":true,"href":"https:\/\/www.redenoticia.com.br\/noticia\/wp-json\/wp\/v2\/categories?post=69882"},{"taxonomy":"post_tag","embeddable":true,"href":"https:\/\/www.redenoticia.com.br\/noticia\/wp-json\/wp\/v2\/tags?post=69882"}],"curies":[{"name":"wp","href":"https:\/\/api.w.org\/{rel}","templated":true}]}}