{"id":69880,"date":"2015-05-05T15:40:55","date_gmt":"2015-05-05T18:40:55","guid":{"rendered":"http:\/\/www.redenoticia.com.br\/noticia\/?p=69880"},"modified":"2015-05-05T15:40:55","modified_gmt":"2015-05-05T18:40:55","slug":"pedidos-de-falencias-atingem-maior-nivel-no-ano","status":"publish","type":"post","link":"https:\/\/www.redenoticia.com.br\/noticia\/2015\/pedidos-de-falencias-atingem-maior-nivel-no-ano\/69880","title":{"rendered":"Pedidos de fal\u00eancias atingem maior n\u00edvel no ano"},"content":{"rendered":"<p> Os pedidos de <strong><em>fal\u00eancia<\/em><\/strong> apresentaram alta de 15% em abril, na compara\u00e7\u00e3o com mar\u00e7o, segundo a empresa de consultoria Serasa Experian. Foram registrados 161 pedidos em todo o pa\u00eds, o maior n\u00famero do ano. Segundo o estudo, este tamb\u00e9m foi o pior resultado para um m\u00eas de abril nos \u00faltimos tr\u00eas anos. Na compara\u00e7\u00e3o com abril de 2014, a quantidade de pedidos de fal\u00eancia cresceu 23,8%.<\/p>\n<p>Economistas da Serasa Experian dizem que o atual quadro conjuntural, com baixo dinamismo da atividade econ\u00f4mica, eleva\u00e7\u00e3o cont\u00ednua do custo financeiro das empresas, alta do d\u00f3lar e aumento dos custos com energia el\u00e9trica e combust\u00edveis t\u00eam prejudicado a sa\u00fade financeira das empresas, levando-as aos pedidos de fal\u00eancias.<\/p>\n<p>Entre os requerimentos de fal\u00eancia do m\u00eas passado, 85 partiram de micro e pequenas empresas, 33 de m\u00e9dias empresas e 43 de empresas de grande porte.<\/p>\n<p>Os pedidos de recupera\u00e7\u00f5es judiciais cresceram 30,7% em abril na compara\u00e7\u00e3o com o m\u00eas anterior. Foram 98 solicita\u00e7\u00f5es no m\u00eas passado, contra 75 em mar\u00e7o. As micro e pequenas empresas lideraram com 54 pedidos, seguidos pelas m\u00e9dias (29) e pelas grandes empresas (4).<\/p>\n<p>Fernanda Cruz &#8211; Rep\u00f3rter da Ag\u00eancia Brasil<br \/>\nEdi\u00e7\u00e3o: Denise Griesinger<\/p>\n","protected":false},"excerpt":{"rendered":"<p>Os pedidos de fal\u00eancia apresentaram alta de 15% em abril, na compara\u00e7\u00e3o com mar\u00e7o, segundo a empresa de consultoria Serasa Experian. Foram registrados 161 pedidos em todo o pa\u00eds, o maior n\u00famero do ano. Segundo o estudo, este tamb\u00e9m foi o pior resultado para um m\u00eas de abril nos \u00faltimos tr\u00eas anos. Na compara\u00e7\u00e3o com [&hellip;]<\/p>\n","protected":false},"author":2,"featured_media":57585,"comment_status":"open","ping_status":"closed","sticky":false,"template":"","format":"standard","meta":{"_genesis_hide_title":false,"_genesis_hide_breadcrumbs":false,"_genesis_hide_singular_image":false,"_genesis_hide_footer_widgets":false,"_genesis_custom_body_class":"","_genesis_custom_post_class":"","_genesis_layout":"","_jetpack_memberships_contains_paid_content":false,"footnotes":""},"categories":[22,7],"tags":[],"class_list":{"0":"post-69880","1":"post","2":"type-post","3":"status-publish","4":"format-standard","5":"has-post-thumbnail","7":"category-brasil","8":"category-economia","9":"entry","10":"gs-1","11":"gs-odd","12":"gs-even","13":"gs-featured-content-entry"},"jetpack_featured_media_url":"https:\/\/www.redenoticia.com.br\/noticia\/imagens\/analise-economia.jpg","jetpack_sharing_enabled":true,"jetpack_likes_enabled":true,"_links":{"self":[{"href":"https:\/\/www.redenoticia.com.br\/noticia\/wp-json\/wp\/v2\/posts\/69880","targetHints":{"allow":["GET"]}}],"collection":[{"href":"https:\/\/www.redenoticia.com.br\/noticia\/wp-json\/wp\/v2\/posts"}],"about":[{"href":"https:\/\/www.redenoticia.com.br\/noticia\/wp-json\/wp\/v2\/types\/post"}],"author":[{"embeddable":true,"href":"https:\/\/www.redenoticia.com.br\/noticia\/wp-json\/wp\/v2\/users\/2"}],"replies":[{"embeddable":true,"href":"https:\/\/www.redenoticia.com.br\/noticia\/wp-json\/wp\/v2\/comments?post=69880"}],"version-history":[{"count":0,"href":"https:\/\/www.redenoticia.com.br\/noticia\/wp-json\/wp\/v2\/posts\/69880\/revisions"}],"wp:featuredmedia":[{"embeddable":true,"href":"https:\/\/www.redenoticia.com.br\/noticia\/wp-json\/wp\/v2\/media\/57585"}],"wp:attachment":[{"href":"https:\/\/www.redenoticia.com.br\/noticia\/wp-json\/wp\/v2\/media?parent=69880"}],"wp:term":[{"taxonomy":"category","embeddable":true,"href":"https:\/\/www.redenoticia.com.br\/noticia\/wp-json\/wp\/v2\/categories?post=69880"},{"taxonomy":"post_tag","embeddable":true,"href":"https:\/\/www.redenoticia.com.br\/noticia\/wp-json\/wp\/v2\/tags?post=69880"}],"curies":[{"name":"wp","href":"https:\/\/api.w.org\/{rel}","templated":true}]}}