{"id":69878,"date":"2015-05-05T15:38:28","date_gmt":"2015-05-05T18:38:28","guid":{"rendered":"http:\/\/www.redenoticia.com.br\/noticia\/?p=69878"},"modified":"2015-05-05T15:38:28","modified_gmt":"2015-05-05T18:38:28","slug":"habitacao-e-saude-pressionam-inflacao-em-sao-paulo","status":"publish","type":"post","link":"https:\/\/www.redenoticia.com.br\/noticia\/2015\/habitacao-e-saude-pressionam-inflacao-em-sao-paulo\/69878","title":{"rendered":"Habita\u00e7\u00e3o e sa\u00fade pressionam infla\u00e7\u00e3o em S\u00e3o Paulo"},"content":{"rendered":"<p> Depois de um pequeno decr\u00e9scimo em mar\u00e7o, o <strong><em>\u00cdndice de Pre\u00e7os ao Consumidor<\/em><\/strong> (IPC), medido pela Funda\u00e7\u00e3o Instituto de Pesquisas Econ\u00f4micas (Fipe), na cidade de S\u00e3o Paulo, fechou o m\u00eas de abril com eleva\u00e7\u00e3o de 1,1%. Em mar\u00e7o, o \u00edndice subiu 0,7%, varia\u00e7\u00e3o ligeiramente inferior \u00e0 registrada em fevereiro (1,22%).<\/p>\n<p>O aumento mais expressivo ocorreu no grupo habita\u00e7\u00e3o com 2,3%, ficando acima da taxa registrada em mar\u00e7o (1,21%). A infla\u00e7\u00e3o foi puxada tamb\u00e9m pelo grupo sa\u00fade que passou de uma alta de 0,52% (em mar\u00e7o) para 1,48%. Em alimenta\u00e7\u00e3o, o \u00edndice avan\u00e7ou de 0,72% para 0,83% e, em vestu\u00e1rio, de 0,59% para 0,82%.<\/p>\n<p>No grupo transportes, houve aumento de 0,23%, apenas 0,01 ponto percentual a mais do que em mar\u00e7o (0,22%). J\u00e1 em despesas pessoais, a taxa apresentou decr\u00e9scimo passando de 0,35% para 0,05% e, em educa\u00e7\u00e3o, de 0,12% para 0,08%.<\/p>\n<p>O levantamento do IPC na cidade de S\u00e3o Paulo abrange o consumo das fam\u00edlias com renda de um a dez sal\u00e1rios m\u00ednimos e come\u00e7ou a ser calculado pela Fipe, em 1968.<\/p>\n<p>Marli Moreira &#8211; Rep\u00f3rter da Ag\u00eancia Brasil<br \/>\nEdi\u00e7\u00e3o: Jos\u00e9 Romildo<\/p>\n","protected":false},"excerpt":{"rendered":"<p>Depois de um pequeno decr\u00e9scimo em mar\u00e7o, o \u00cdndice de Pre\u00e7os ao Consumidor (IPC), medido pela Funda\u00e7\u00e3o Instituto de Pesquisas Econ\u00f4micas (Fipe), na cidade de S\u00e3o Paulo, fechou o m\u00eas de abril com eleva\u00e7\u00e3o de 1,1%. Em mar\u00e7o, o \u00edndice subiu 0,7%, varia\u00e7\u00e3o ligeiramente inferior \u00e0 registrada em fevereiro (1,22%). O aumento mais expressivo ocorreu [&hellip;]<\/p>\n","protected":false},"author":2,"featured_media":34916,"comment_status":"open","ping_status":"closed","sticky":false,"template":"","format":"standard","meta":{"_genesis_hide_title":false,"_genesis_hide_breadcrumbs":false,"_genesis_hide_singular_image":false,"_genesis_hide_footer_widgets":false,"_genesis_custom_body_class":"","_genesis_custom_post_class":"","_genesis_layout":"","_jetpack_memberships_contains_paid_content":false,"footnotes":""},"categories":[22,7],"tags":[],"class_list":{"0":"post-69878","1":"post","2":"type-post","3":"status-publish","4":"format-standard","5":"has-post-thumbnail","7":"category-brasil","8":"category-economia","9":"entry","10":"gs-1","11":"gs-odd","12":"gs-even","13":"gs-featured-content-entry"},"jetpack_featured_media_url":"https:\/\/www.redenoticia.com.br\/noticia\/imagens\/inflacao.jpg","jetpack_sharing_enabled":true,"jetpack_likes_enabled":true,"_links":{"self":[{"href":"https:\/\/www.redenoticia.com.br\/noticia\/wp-json\/wp\/v2\/posts\/69878","targetHints":{"allow":["GET"]}}],"collection":[{"href":"https:\/\/www.redenoticia.com.br\/noticia\/wp-json\/wp\/v2\/posts"}],"about":[{"href":"https:\/\/www.redenoticia.com.br\/noticia\/wp-json\/wp\/v2\/types\/post"}],"author":[{"embeddable":true,"href":"https:\/\/www.redenoticia.com.br\/noticia\/wp-json\/wp\/v2\/users\/2"}],"replies":[{"embeddable":true,"href":"https:\/\/www.redenoticia.com.br\/noticia\/wp-json\/wp\/v2\/comments?post=69878"}],"version-history":[{"count":0,"href":"https:\/\/www.redenoticia.com.br\/noticia\/wp-json\/wp\/v2\/posts\/69878\/revisions"}],"wp:featuredmedia":[{"embeddable":true,"href":"https:\/\/www.redenoticia.com.br\/noticia\/wp-json\/wp\/v2\/media\/34916"}],"wp:attachment":[{"href":"https:\/\/www.redenoticia.com.br\/noticia\/wp-json\/wp\/v2\/media?parent=69878"}],"wp:term":[{"taxonomy":"category","embeddable":true,"href":"https:\/\/www.redenoticia.com.br\/noticia\/wp-json\/wp\/v2\/categories?post=69878"},{"taxonomy":"post_tag","embeddable":true,"href":"https:\/\/www.redenoticia.com.br\/noticia\/wp-json\/wp\/v2\/tags?post=69878"}],"curies":[{"name":"wp","href":"https:\/\/api.w.org\/{rel}","templated":true}]}}