{"id":69837,"date":"2015-05-04T15:09:43","date_gmt":"2015-05-04T18:09:43","guid":{"rendered":"http:\/\/www.redenoticia.com.br\/noticia\/?p=69837"},"modified":"2015-05-04T15:09:43","modified_gmt":"2015-05-04T18:09:43","slug":"mercado-estima-inflacao-em-826-e-selic-em-135-no-final-de-2015","status":"publish","type":"post","link":"https:\/\/www.redenoticia.com.br\/noticia\/2015\/mercado-estima-inflacao-em-826-e-selic-em-135-no-final-de-2015\/69837","title":{"rendered":"Mercado estima infla\u00e7\u00e3o em 8,26% e Selic em 13,5% no final de 2015"},"content":{"rendered":"<p> Ap\u00f3s o Comit\u00ea de Pol\u00edtica Monet\u00e1ria (Copom) do Banco Central (BC) ter elevado a Selic em 0,5 ponto percentual na semana passada, analistas e investidores aumentaram a proje\u00e7\u00e3o do patamar de encerramento da taxa b\u00e1sica de juros neste ano. De acordo com as previs\u00f5es, a Selic, hoje em 13,25%, deve chegar a 13,5% ao ano no final de 2015. Para 2016, a <strong><em>proje\u00e7\u00e3o dos juros b\u00e1sicos<\/em><\/strong> subiu de 11,5% para 12% ao ano.<\/p>\n<p>As previs\u00f5es est\u00e3o no boletim Focus, pesquisa com institui\u00e7\u00f5es financeiras que \u00e9 divulgada semanalmente pelo Banco Central. O Copom volta a se reunir para deliberar sobre a Selic nos dias 2 e 3 de junho.<\/p>\n<p>Com rela\u00e7\u00e3o \u00e0 infla\u00e7\u00e3o, medida pelo \u00cdndice de Pre\u00e7os ao Consumidor Amplo (IPCA), o mercado elevou a expectativa de 8,25% para 8,26%. A estimativa de alta dos pre\u00e7os administrados, como o da gasolina e da energia, passou de 13,1% para 13,05%.<\/p>\n<p>O boletim Focus prev\u00ea ainda retra\u00e7\u00e3o na atividade econ\u00f4mica do pa\u00eds. Os analistas aumentaram a proje\u00e7\u00e3o de queda do Produto Interno Bruto (soma dos bens e riquezas produzidos em um pa\u00eds) de -1,10% para -1,18%. A estimativa para o c\u00e2mbio foi mantida em R$ 3,20.<\/p>\n<p>A estimativa da d\u00edvida l\u00edquida do setor p\u00fablico permaneceu em 38% do PIB. A estimativa do d\u00e9ficit em conta-corrente, que mede a qualidade das contas externas, passou de US$ 78 bilh\u00f5es para US$ 78,5 bilh\u00f5es. O saldo projetado para a balan\u00e7a comercial passou de US$ 4,17 bilh\u00f5es para US$ 4 bilh\u00f5es. Os investimentos estrangeiros estimados subiram de US$ 57 bilh\u00f5es para US$ 57,5 bilh\u00f5es.<\/p>\n<p>Mariana Branco \u2013 Rep\u00f3rter da Ag\u00eancia Brasil<br \/>\nEdi\u00e7\u00e3o: Denise Griesinger<\/p>\n","protected":false},"excerpt":{"rendered":"<p>Ap\u00f3s o Comit\u00ea de Pol\u00edtica Monet\u00e1ria (Copom) do Banco Central (BC) ter elevado a Selic em 0,5 ponto percentual na semana passada, analistas e investidores aumentaram a proje\u00e7\u00e3o do patamar de encerramento da taxa b\u00e1sica de juros neste ano. De acordo com as previs\u00f5es, a Selic, hoje em 13,25%, deve chegar a 13,5% ao ano [&hellip;]<\/p>\n","protected":false},"author":2,"featured_media":57583,"comment_status":"open","ping_status":"closed","sticky":false,"template":"","format":"standard","meta":{"_genesis_hide_title":false,"_genesis_hide_breadcrumbs":false,"_genesis_hide_singular_image":false,"_genesis_hide_footer_widgets":false,"_genesis_custom_body_class":"","_genesis_custom_post_class":"","_genesis_layout":"","_jetpack_memberships_contains_paid_content":false,"footnotes":""},"categories":[22,7],"tags":[],"class_list":{"0":"post-69837","1":"post","2":"type-post","3":"status-publish","4":"format-standard","5":"has-post-thumbnail","7":"category-brasil","8":"category-economia","9":"entry","10":"gs-1","11":"gs-odd","12":"gs-even","13":"gs-featured-content-entry"},"jetpack_featured_media_url":"https:\/\/www.redenoticia.com.br\/noticia\/imagens\/economia-grafico.jpg","jetpack_sharing_enabled":true,"jetpack_likes_enabled":true,"_links":{"self":[{"href":"https:\/\/www.redenoticia.com.br\/noticia\/wp-json\/wp\/v2\/posts\/69837","targetHints":{"allow":["GET"]}}],"collection":[{"href":"https:\/\/www.redenoticia.com.br\/noticia\/wp-json\/wp\/v2\/posts"}],"about":[{"href":"https:\/\/www.redenoticia.com.br\/noticia\/wp-json\/wp\/v2\/types\/post"}],"author":[{"embeddable":true,"href":"https:\/\/www.redenoticia.com.br\/noticia\/wp-json\/wp\/v2\/users\/2"}],"replies":[{"embeddable":true,"href":"https:\/\/www.redenoticia.com.br\/noticia\/wp-json\/wp\/v2\/comments?post=69837"}],"version-history":[{"count":0,"href":"https:\/\/www.redenoticia.com.br\/noticia\/wp-json\/wp\/v2\/posts\/69837\/revisions"}],"wp:featuredmedia":[{"embeddable":true,"href":"https:\/\/www.redenoticia.com.br\/noticia\/wp-json\/wp\/v2\/media\/57583"}],"wp:attachment":[{"href":"https:\/\/www.redenoticia.com.br\/noticia\/wp-json\/wp\/v2\/media?parent=69837"}],"wp:term":[{"taxonomy":"category","embeddable":true,"href":"https:\/\/www.redenoticia.com.br\/noticia\/wp-json\/wp\/v2\/categories?post=69837"},{"taxonomy":"post_tag","embeddable":true,"href":"https:\/\/www.redenoticia.com.br\/noticia\/wp-json\/wp\/v2\/tags?post=69837"}],"curies":[{"name":"wp","href":"https:\/\/api.w.org\/{rel}","templated":true}]}}