{"id":69835,"date":"2015-05-04T15:05:43","date_gmt":"2015-05-04T18:05:43","guid":{"rendered":"http:\/\/www.redenoticia.com.br\/noticia\/?p=69835"},"modified":"2015-05-04T15:05:43","modified_gmt":"2015-05-04T18:05:43","slug":"habitacao-influencia-queda-do-ipc-s-na-ultima-semana-de-abril","status":"publish","type":"post","link":"https:\/\/www.redenoticia.com.br\/noticia\/2015\/habitacao-influencia-queda-do-ipc-s-na-ultima-semana-de-abril\/69835","title":{"rendered":"Habita\u00e7\u00e3o influencia queda do IPC-S na \u00faltima semana de abril"},"content":{"rendered":"<p> O \u00cdndice de Pre\u00e7os ao Consumidor Semanal (<strong><em>IPC-S<\/em><\/strong>) encerrou abril com redu\u00e7\u00e3o atingindo varia\u00e7\u00e3o de 0,61%, representando 0,10 ponto percentual abaixo do registrado na \u00faltima pesquisa do m\u00eas (0,71%). Desde o come\u00e7o do ano, a taxa acumulada foi 4,79% e, em 12 meses, 8,41%.<\/p>\n<p>A apura\u00e7\u00e3o feita pelo Instituto Brasileiro de Economia (Ibre) da Funda\u00e7\u00e3o Getulio Vargas (FGV) refere-se \u00e0 coleta de pre\u00e7os relativa ao per\u00edodo de 1\u00ba a 30 de abril comparado aos verificados de 1\u00ba a 31 de mar\u00e7o.<\/p>\n<p> Tr\u00eas dos oito grupos pesquisados apresentaram decr\u00e9scimos com destaque para habita\u00e7\u00e3o que passou de 1,21% para 0,57%. Nesta classe de despesa houve a influ\u00eancia, principalmente, da acomoda\u00e7\u00e3o de pre\u00e7o da tarifa de energia el\u00e9trica (de 4,61% para 0,59%).<\/p>\n<p>No grupo educa\u00e7\u00e3o, leitura e recrea\u00e7\u00e3o, o \u00edndice atingiu 0,14%, metade do registrado na \u00faltima pesquisa. Essa queda reflete, principalmente, os ingressos para shows musicais (de 3% para -2,05%). E, em alimenta\u00e7\u00e3o, os pre\u00e7os foram corrigidos em m\u00e9dia 0,86%, com varia\u00e7\u00e3o de 0,08 ponto percentual abaixo da terceira pr\u00e9via de abril (0,94%). Entre os itens aliment\u00edcios que mais contribu\u00edram para esse resultado est\u00e3o as frutas (de 3,22% para 0,96%).<\/p>\n<p>Nos demais grupos, ocorreram avan\u00e7os e o maior deles foi verificado no setor sa\u00fade e cuidados pessoais que passou de 0,97% para 1,37%. Entre os principais motivos est\u00e1 o aumento de pre\u00e7os dos medicamentos (de 2,03% para 3,49%). No grupo vestu\u00e1rio, os reajustes foram intensificados passando de 0,28% para 0,76%.<\/p>\n<p>Em transportes, a taxa subiu de 0,03% para 0,05% sob influ\u00eancia da tarifa de \u00f4nibus urbano (de 0,13% para 0,27%). No grupo despesas diversas, o \u00edndice aumentou de 0,52% para 0,61% e em comunica\u00e7\u00e3o, de 0,01% para 0,07%.<\/p>\n<p>Os cinco itens que mais pressionaram o or\u00e7amento das fam\u00edlias foram: refei\u00e7\u00f5es fora de casa (0,98%); tomate (19,39%); leite do tipo longa vida (5,4%); aluguel residencial (0,74%) e seguro sa\u00fade (0,69%).<\/p>\n<p>No m\u00eas, os itens que mais contribu\u00edram para reduzir o ritmo inflacion\u00e1rio foram: batata-inglesa (-12,38%); gasolina (-0,75%); massas preparadas e congeladas (-4,33%); tangerina (mexerica) (-9,04%) e show musical (-2,05%).<\/p>\n<p>Marli Moreira &#8211; Rep\u00f3rter da Ag\u00eancia Brasil<br \/>\nEdi\u00e7\u00e3o: Val\u00e9ria Aguiar<\/p>\n","protected":false},"excerpt":{"rendered":"<p>O \u00cdndice de Pre\u00e7os ao Consumidor Semanal (IPC-S) encerrou abril com redu\u00e7\u00e3o atingindo varia\u00e7\u00e3o de 0,61%, representando 0,10 ponto percentual abaixo do registrado na \u00faltima pesquisa do m\u00eas (0,71%). Desde o come\u00e7o do ano, a taxa acumulada foi 4,79% e, em 12 meses, 8,41%. A apura\u00e7\u00e3o feita pelo Instituto Brasileiro de Economia (Ibre) da Funda\u00e7\u00e3o [&hellip;]<\/p>\n","protected":false},"author":2,"featured_media":57585,"comment_status":"open","ping_status":"closed","sticky":false,"template":"","format":"standard","meta":{"_genesis_hide_title":false,"_genesis_hide_breadcrumbs":false,"_genesis_hide_singular_image":false,"_genesis_hide_footer_widgets":false,"_genesis_custom_body_class":"","_genesis_custom_post_class":"","_genesis_layout":"","_jetpack_memberships_contains_paid_content":false,"footnotes":""},"categories":[22,7],"tags":[],"class_list":{"0":"post-69835","1":"post","2":"type-post","3":"status-publish","4":"format-standard","5":"has-post-thumbnail","7":"category-brasil","8":"category-economia","9":"entry","10":"gs-1","11":"gs-odd","12":"gs-even","13":"gs-featured-content-entry"},"jetpack_featured_media_url":"https:\/\/www.redenoticia.com.br\/noticia\/imagens\/analise-economia.jpg","jetpack_sharing_enabled":true,"jetpack_likes_enabled":true,"_links":{"self":[{"href":"https:\/\/www.redenoticia.com.br\/noticia\/wp-json\/wp\/v2\/posts\/69835","targetHints":{"allow":["GET"]}}],"collection":[{"href":"https:\/\/www.redenoticia.com.br\/noticia\/wp-json\/wp\/v2\/posts"}],"about":[{"href":"https:\/\/www.redenoticia.com.br\/noticia\/wp-json\/wp\/v2\/types\/post"}],"author":[{"embeddable":true,"href":"https:\/\/www.redenoticia.com.br\/noticia\/wp-json\/wp\/v2\/users\/2"}],"replies":[{"embeddable":true,"href":"https:\/\/www.redenoticia.com.br\/noticia\/wp-json\/wp\/v2\/comments?post=69835"}],"version-history":[{"count":0,"href":"https:\/\/www.redenoticia.com.br\/noticia\/wp-json\/wp\/v2\/posts\/69835\/revisions"}],"wp:featuredmedia":[{"embeddable":true,"href":"https:\/\/www.redenoticia.com.br\/noticia\/wp-json\/wp\/v2\/media\/57585"}],"wp:attachment":[{"href":"https:\/\/www.redenoticia.com.br\/noticia\/wp-json\/wp\/v2\/media?parent=69835"}],"wp:term":[{"taxonomy":"category","embeddable":true,"href":"https:\/\/www.redenoticia.com.br\/noticia\/wp-json\/wp\/v2\/categories?post=69835"},{"taxonomy":"post_tag","embeddable":true,"href":"https:\/\/www.redenoticia.com.br\/noticia\/wp-json\/wp\/v2\/tags?post=69835"}],"curies":[{"name":"wp","href":"https:\/\/api.w.org\/{rel}","templated":true}]}}