{"id":69833,"date":"2015-05-04T15:02:15","date_gmt":"2015-05-04T18:02:15","guid":{"rendered":"http:\/\/www.redenoticia.com.br\/noticia\/?p=69833"},"modified":"2015-05-04T15:02:15","modified_gmt":"2015-05-04T18:02:15","slug":"contribuintes-podem-retificar-declaracao-do-ir","status":"publish","type":"post","link":"https:\/\/www.redenoticia.com.br\/noticia\/2015\/contribuintes-podem-retificar-declaracao-do-ir\/69833","title":{"rendered":"Contribuintes podem retificar declara\u00e7\u00e3o do IR"},"content":{"rendered":"<p> Os contribuintes que precisam retificar a <strong><em>declara\u00e7\u00e3o do Imposto de Renda<\/em><\/strong> Pessoa F\u00edsica (IRPF) 2015 podem faz\u00ea-lo. Quem n\u00e3o entregou a vers\u00e3o original do documento at\u00e9 a \u00faltima quinta-feira (30), quando acabou o prazo, tamb\u00e9m poder\u00e1 enviar as informa\u00e7\u00f5es com atraso, mas, neste caso, pagar\u00e1 multa.<\/p>\n<p>O contribuinte que n\u00e3o acertou as contas com o Fisco dentro do prazo ser\u00e1 multado em 1% do imposto devido por m\u00eas de atraso (limitado a 20% do imposto total) ou em R$ 165,74, prevalecendo o maior valor. N\u00e3o ser\u00e1 necess\u00e1rio baixar um novo programa. O sistema automaticamente gerar\u00e1 a guia para o pagamento da multa. A multa n\u00e3o vale para declara\u00e7\u00f5es retificadoras.<\/p>\n<p>Neste ano, o total de contribuintes que enviaram a declara\u00e7\u00e3o do Imposto de Renda Pessoa F\u00edsica (IRPF) dentro do prazo somou 27.895.994. O n\u00famero mostrou crescimento de 3,8% em rela\u00e7\u00e3o ao ano passado e superou as estimativas do Fisco, que esperava receber 27,5 milh\u00f5es de documentos em 2015.<\/p>\n<p>Apenas n\u00e3o pagar\u00e3o multa os contribuintes de Xanxer\u00ea (SC). Por causa do tornado que atingiu o munic\u00edpio no \u00faltimo dia 20, o Minist\u00e9rio da Fazenda editou portaria prorrogando o prazo de entrega da declara\u00e7\u00e3o para 31 de julho. Na mesma data dever\u00e3o ser pagos os d\u00e9bitos relativos ao imposto devido, se for o caso.<\/p>\n<p>O pagamento das restitui\u00e7\u00f5es come\u00e7a em 15 de junho e vai at\u00e9 15 de dezembro, em sete lotes mensais. Quanto antes o contribuinte tiver enviado a declara\u00e7\u00e3o com os dados corretos \u00e0 Receita, mais cedo ser\u00e1 ressarcido. T\u00eam prioridade no recebimento pessoas com mais de 60 anos de idade, contribuintes com defici\u00eancia f\u00edsica ou mental e os que t\u00eam doen\u00e7a grave.<\/p>\n<p>Wellton M\u00e1ximo \u2013 Rep\u00f3rter da Ag\u00eancia Brasil<br \/>\nEdi\u00e7\u00e3o: Talita Cavalcante<\/p>\n","protected":false},"excerpt":{"rendered":"<p>Os contribuintes que precisam retificar a declara\u00e7\u00e3o do Imposto de Renda Pessoa F\u00edsica (IRPF) 2015 podem faz\u00ea-lo. Quem n\u00e3o entregou a vers\u00e3o original do documento at\u00e9 a \u00faltima quinta-feira (30), quando acabou o prazo, tamb\u00e9m poder\u00e1 enviar as informa\u00e7\u00f5es com atraso, mas, neste caso, pagar\u00e1 multa. O contribuinte que n\u00e3o acertou as contas com o [&hellip;]<\/p>\n","protected":false},"author":2,"featured_media":23889,"comment_status":"open","ping_status":"closed","sticky":false,"template":"","format":"standard","meta":{"_genesis_hide_title":false,"_genesis_hide_breadcrumbs":false,"_genesis_hide_singular_image":false,"_genesis_hide_footer_widgets":false,"_genesis_custom_body_class":"","_genesis_custom_post_class":"","_genesis_layout":"","_jetpack_memberships_contains_paid_content":false,"footnotes":""},"categories":[22],"tags":[],"class_list":{"0":"post-69833","1":"post","2":"type-post","3":"status-publish","4":"format-standard","5":"has-post-thumbnail","7":"category-brasil","8":"entry","9":"gs-1","10":"gs-odd","11":"gs-even","12":"gs-featured-content-entry"},"jetpack_featured_media_url":"https:\/\/www.redenoticia.com.br\/noticia\/imagens\/receita-federal-irpf-2010.jpg","jetpack_sharing_enabled":true,"jetpack_likes_enabled":true,"_links":{"self":[{"href":"https:\/\/www.redenoticia.com.br\/noticia\/wp-json\/wp\/v2\/posts\/69833","targetHints":{"allow":["GET"]}}],"collection":[{"href":"https:\/\/www.redenoticia.com.br\/noticia\/wp-json\/wp\/v2\/posts"}],"about":[{"href":"https:\/\/www.redenoticia.com.br\/noticia\/wp-json\/wp\/v2\/types\/post"}],"author":[{"embeddable":true,"href":"https:\/\/www.redenoticia.com.br\/noticia\/wp-json\/wp\/v2\/users\/2"}],"replies":[{"embeddable":true,"href":"https:\/\/www.redenoticia.com.br\/noticia\/wp-json\/wp\/v2\/comments?post=69833"}],"version-history":[{"count":0,"href":"https:\/\/www.redenoticia.com.br\/noticia\/wp-json\/wp\/v2\/posts\/69833\/revisions"}],"wp:featuredmedia":[{"embeddable":true,"href":"https:\/\/www.redenoticia.com.br\/noticia\/wp-json\/wp\/v2\/media\/23889"}],"wp:attachment":[{"href":"https:\/\/www.redenoticia.com.br\/noticia\/wp-json\/wp\/v2\/media?parent=69833"}],"wp:term":[{"taxonomy":"category","embeddable":true,"href":"https:\/\/www.redenoticia.com.br\/noticia\/wp-json\/wp\/v2\/categories?post=69833"},{"taxonomy":"post_tag","embeddable":true,"href":"https:\/\/www.redenoticia.com.br\/noticia\/wp-json\/wp\/v2\/tags?post=69833"}],"curies":[{"name":"wp","href":"https:\/\/api.w.org\/{rel}","templated":true}]}}