{"id":69831,"date":"2015-05-04T14:59:44","date_gmt":"2015-05-04T17:59:44","guid":{"rendered":"http:\/\/www.redenoticia.com.br\/noticia\/?p=69831"},"modified":"2015-05-04T14:59:44","modified_gmt":"2015-05-04T17:59:44","slug":"material-online-do-corpo-de-bombeiros-da-dicas-de-seguranca-e-prevencao","status":"publish","type":"post","link":"https:\/\/www.redenoticia.com.br\/noticia\/2015\/material-online-do-corpo-de-bombeiros-da-dicas-de-seguranca-e-prevencao\/69831","title":{"rendered":"Material online do Corpo de Bombeiros d\u00e1 dicas de seguran\u00e7a e preven\u00e7\u00e3o"},"content":{"rendered":"<p>Com o objetivo de <strong><em>prevenir acidentes<\/em><\/strong>, o Corpo de Bombeiros do Estado de S\u00e3o Paulo disponibiliza em seu site Folders Educativos com dicas de seguran\u00e7a sobre diversos temas. O material pode ser visualizado ou baixado.<\/p>\n<p>Acesse alguns dos temas dispon\u00edveis:<\/p>\n<p>Para mais informa\u00e7\u00f5es sobre os temas dispon\u00edveis, acesse o\u00a0.<\/p>\n<p>Do Portal do Governo do Estado SP<\/p>\n<p>A Escola Superior de Bombeiros \u00e9 respons\u00e1vel pela forma\u00e7\u00e3o, capacita\u00e7\u00e3o, atualiza\u00e7\u00e3o e especializa\u00e7\u00e3o de bombeiros de todo o Estado de S\u00e3o Paulo. Localizada em Franco da Rocha, \u00e9 a maior escola de bombeiros da Am\u00e9rica Latina. O local tem como miss\u00e3o o desenvolvimento do ensino, da pesquisa e da capacita\u00e7\u00e3o dos bombeiros.<\/p>\n<p>Solicite uma Palestra<\/p>\n<p>Agende sua palestra com no m\u00ednimo 30 (trinta) dias de anteced\u00eancia, para que possamos analisar a possibilidade do atendimento. Informamos que os hor\u00e1rios dispon\u00edveis s\u00e3o apenas os que constam no campo hor\u00e1rio.<\/p>\n<p>Endere\u00e7o<br \/>\nPra\u00e7a Clovis Bevilaqua, 421 &#8211; Centro &#8211; S\u00e9<br \/>\nCEP: 01018-001 S\u00e3o Paulo &#8211; SP<br \/>\nFone: (11) 3396-2086<\/p>\n","protected":false},"excerpt":{"rendered":"<p>Com o objetivo de prevenir acidentes, o Corpo de Bombeiros do Estado de S\u00e3o Paulo disponibiliza em seu site Folders Educativos com dicas de seguran\u00e7a sobre diversos temas. O material pode ser visualizado ou baixado. Acesse alguns dos temas dispon\u00edveis: Para mais informa\u00e7\u00f5es sobre os temas dispon\u00edveis, acesse o\u00a0. Do Portal do Governo do Estado [&hellip;]<\/p>\n","protected":false},"author":2,"featured_media":57577,"comment_status":"open","ping_status":"closed","sticky":false,"template":"","format":"standard","meta":{"_genesis_hide_title":false,"_genesis_hide_breadcrumbs":false,"_genesis_hide_singular_image":false,"_genesis_hide_footer_widgets":false,"_genesis_custom_body_class":"","_genesis_custom_post_class":"","_genesis_layout":"","_jetpack_memberships_contains_paid_content":false,"footnotes":""},"categories":[22],"tags":[],"class_list":{"0":"post-69831","1":"post","2":"type-post","3":"status-publish","4":"format-standard","5":"has-post-thumbnail","7":"category-brasil","8":"entry","9":"gs-1","10":"gs-odd","11":"gs-even","12":"gs-featured-content-entry"},"jetpack_featured_media_url":"https:\/\/www.redenoticia.com.br\/noticia\/imagens\/tecnologia-inscricao.jpg","jetpack_sharing_enabled":true,"jetpack_likes_enabled":true,"_links":{"self":[{"href":"https:\/\/www.redenoticia.com.br\/noticia\/wp-json\/wp\/v2\/posts\/69831","targetHints":{"allow":["GET"]}}],"collection":[{"href":"https:\/\/www.redenoticia.com.br\/noticia\/wp-json\/wp\/v2\/posts"}],"about":[{"href":"https:\/\/www.redenoticia.com.br\/noticia\/wp-json\/wp\/v2\/types\/post"}],"author":[{"embeddable":true,"href":"https:\/\/www.redenoticia.com.br\/noticia\/wp-json\/wp\/v2\/users\/2"}],"replies":[{"embeddable":true,"href":"https:\/\/www.redenoticia.com.br\/noticia\/wp-json\/wp\/v2\/comments?post=69831"}],"version-history":[{"count":0,"href":"https:\/\/www.redenoticia.com.br\/noticia\/wp-json\/wp\/v2\/posts\/69831\/revisions"}],"wp:featuredmedia":[{"embeddable":true,"href":"https:\/\/www.redenoticia.com.br\/noticia\/wp-json\/wp\/v2\/media\/57577"}],"wp:attachment":[{"href":"https:\/\/www.redenoticia.com.br\/noticia\/wp-json\/wp\/v2\/media?parent=69831"}],"wp:term":[{"taxonomy":"category","embeddable":true,"href":"https:\/\/www.redenoticia.com.br\/noticia\/wp-json\/wp\/v2\/categories?post=69831"},{"taxonomy":"post_tag","embeddable":true,"href":"https:\/\/www.redenoticia.com.br\/noticia\/wp-json\/wp\/v2\/tags?post=69831"}],"curies":[{"name":"wp","href":"https:\/\/api.w.org\/{rel}","templated":true}]}}