{"id":69740,"date":"2015-04-30T16:03:07","date_gmt":"2015-04-30T19:03:07","guid":{"rendered":"http:\/\/www.redenoticia.com.br\/noticia\/?p=69740"},"modified":"2015-04-30T16:03:07","modified_gmt":"2015-04-30T19:03:07","slug":"governos-estaduais-registraram-o-pior-resultado-desde-1998","status":"publish","type":"post","link":"https:\/\/www.redenoticia.com.br\/noticia\/2015\/governos-estaduais-registraram-o-pior-resultado-desde-1998\/69740","title":{"rendered":"Governos estaduais registraram o pior resultado desde 1998"},"content":{"rendered":"<p> Os governos estaduais registraram, em mar\u00e7o, d\u00e9ficit de R$ 1,633 bilh\u00e3o em suas contas. \u00c9 o pior resultado para o m\u00eas desde o in\u00edcio da s\u00e9rie hist\u00f3rica, iniciada em janeiro de 1998. O saldo negativo reduziu o impacto do super\u00e1vit de R$ 487 milh\u00f5es obtido pelos munic\u00edpios, gerando d\u00e9ficit de R$ 1,146 bilh\u00f5es na conta dos governos regionais. <\/p>\n<p>Esse resultado, aliado ao d\u00e9ficit de R$ 97 milh\u00f5es das estatais, excluindo Petrobras e Eletrobras, impediu que o setor p\u00fablico consolidado alcan\u00e7asse um super\u00e1vit maior em mar\u00e7o. O resultado prim\u00e1rio dos entes p\u00fablicos e das estatais ficou positivo em R$ 239 milh\u00f5es no m\u00eas passado, pior resultado para os meses de mar\u00e7o desde 2010, quando houve d\u00e9ficit de R$ 158,6 milh\u00f5es naquele m\u00eas.<\/p>\n<p> Na avalia\u00e7\u00e3o do chefe do Departamento Econ\u00f4mico do Banco Central (BC), Tulio Maciel, o resultado fiscal de mar\u00e7o foi &#8220;bom&#8221; em rela\u00e7\u00e3o ao Governo Central, que engloba governo federal, BC e Previd\u00eancia Social. A conta ficou superavit\u00e1ria em R$ 1,483 bilh\u00e3o, puxada pela economia de R$ 8,049 bilh\u00f5es do governo federal.<\/p>\n<p>Sobre os governos estaduais, Maciel informou que o d\u00e9ficit recorde pode ser resultado da incid\u00eancia de gastos represados em janeiro e fevereiro, por causa do in\u00edcio de novas gest\u00f5es. Ele disse ainda que contrata\u00e7\u00f5es de empr\u00e9stimos em anos anteriores podem impactar os caixas estaduais. Para Maciel, a arrecada\u00e7\u00e3o de tarifas como as de energia, que foram reajustadas, pode ajudar a melhorar as contas das unidades da Federa\u00e7\u00e3o. <\/p>\n<p> O chefe do Departamento Econ\u00f4mico acrescentou que a expectativa \u00e9 de melhora gradativa nos resultados fiscais, conforme sejam aplicadas as medidas de ajuste adotadas no in\u00edcio do ano. Segundo ele, a perspectiva \u00e9 que o cen\u00e1rio fiscal &#8220;convirja para a neutralidade, alcan\u00e7ando o contracionismo&#8221;. A equipe econ\u00f4mica do governo vem se esfor\u00e7ando para implementar um ajuste fiscal, diminuindo os gastos e aumentando a arrecada\u00e7\u00e3o dos cofres p\u00fablicos.<\/p>\n<p>O objetivo \u00e9 alcan\u00e7ar a meta de super\u00e1vit prim\u00e1rio, que \u00e9 a economia para pagar os juros da d\u00edvida, de 1,2% do Produto Interno Bruto (PIB, soma dos bens e servi\u00e7os produzidos em um pa\u00eds), recuperando a credibilidade e a confian\u00e7a dos investidores.<\/p>\n<p>Apesar do super\u00e1vit prim\u00e1rio em mar\u00e7o, ocorreu d\u00e9ficit nominal de R$ 69,2 bilh\u00f5es no m\u00eas, pior resultado para meses de mar\u00e7o desde o in\u00edcio da s\u00e9rie hist\u00f3rica. O resultado nominal \u00e9 calculado somando o resultado prim\u00e1rio aos gastos com juros. Em mar\u00e7o, as despesas com os juros que incidem sobra a d\u00edvida p\u00fablica foram recorde, impactando o dado nominal.<\/p>\n<p>Maciel explicou que os juros recorde s\u00e3o resultado de uma perda de R$ 34,5 bilh\u00f5es em opera\u00e7\u00f5es de swap cambial (venda de d\u00f3lares no mercado futuro). Como o d\u00f3lar estava subindo em mar\u00e7o, o impacto foi ainda maior.<\/p>\n<p>Por outro lado, o movimento cambial contribuiu para a redu\u00e7\u00e3o em 0,7 ponto percentual da d\u00edvida p\u00fablica, que alcan\u00e7ou em mar\u00e7o R$ 1,1847 bilh\u00f5es, equivalente a 33,1% do PIB. Como o d\u00f3lar j\u00e1 devolveu parte da alta, o BC estima que, em abril, a d\u00edvida l\u00edquida do setor p\u00fablico chegar\u00e1 a 34% do PIB.<\/p>\n<p>Mariana Branco &#8211; Rep\u00f3rter da Ag\u00eancia Brasil<br \/>\nEdi\u00e7\u00e3o: Armando Cardoso<\/p>\n","protected":false},"excerpt":{"rendered":"<p>Os governos estaduais registraram, em mar\u00e7o, d\u00e9ficit de R$ 1,633 bilh\u00e3o em suas contas. \u00c9 o pior resultado para o m\u00eas desde o in\u00edcio da s\u00e9rie hist\u00f3rica, iniciada em janeiro de 1998. O saldo negativo reduziu o impacto do super\u00e1vit de R$ 487 milh\u00f5es obtido pelos munic\u00edpios, gerando d\u00e9ficit de R$ 1,146 bilh\u00f5es na conta [&hellip;]<\/p>\n","protected":false},"author":2,"featured_media":38938,"comment_status":"open","ping_status":"closed","sticky":false,"template":"","format":"standard","meta":{"_genesis_hide_title":false,"_genesis_hide_breadcrumbs":false,"_genesis_hide_singular_image":false,"_genesis_hide_footer_widgets":false,"_genesis_custom_body_class":"","_genesis_custom_post_class":"","_genesis_layout":"","_jetpack_memberships_contains_paid_content":false,"footnotes":""},"categories":[22,7],"tags":[],"class_list":{"0":"post-69740","1":"post","2":"type-post","3":"status-publish","4":"format-standard","5":"has-post-thumbnail","7":"category-brasil","8":"category-economia","9":"entry","10":"gs-1","11":"gs-odd","12":"gs-even","13":"gs-featured-content-entry"},"jetpack_featured_media_url":"https:\/\/www.redenoticia.com.br\/noticia\/imagens\/economia1.jpg","jetpack_sharing_enabled":true,"jetpack_likes_enabled":true,"_links":{"self":[{"href":"https:\/\/www.redenoticia.com.br\/noticia\/wp-json\/wp\/v2\/posts\/69740","targetHints":{"allow":["GET"]}}],"collection":[{"href":"https:\/\/www.redenoticia.com.br\/noticia\/wp-json\/wp\/v2\/posts"}],"about":[{"href":"https:\/\/www.redenoticia.com.br\/noticia\/wp-json\/wp\/v2\/types\/post"}],"author":[{"embeddable":true,"href":"https:\/\/www.redenoticia.com.br\/noticia\/wp-json\/wp\/v2\/users\/2"}],"replies":[{"embeddable":true,"href":"https:\/\/www.redenoticia.com.br\/noticia\/wp-json\/wp\/v2\/comments?post=69740"}],"version-history":[{"count":0,"href":"https:\/\/www.redenoticia.com.br\/noticia\/wp-json\/wp\/v2\/posts\/69740\/revisions"}],"wp:featuredmedia":[{"embeddable":true,"href":"https:\/\/www.redenoticia.com.br\/noticia\/wp-json\/wp\/v2\/media\/38938"}],"wp:attachment":[{"href":"https:\/\/www.redenoticia.com.br\/noticia\/wp-json\/wp\/v2\/media?parent=69740"}],"wp:term":[{"taxonomy":"category","embeddable":true,"href":"https:\/\/www.redenoticia.com.br\/noticia\/wp-json\/wp\/v2\/categories?post=69740"},{"taxonomy":"post_tag","embeddable":true,"href":"https:\/\/www.redenoticia.com.br\/noticia\/wp-json\/wp\/v2\/tags?post=69740"}],"curies":[{"name":"wp","href":"https:\/\/api.w.org\/{rel}","templated":true}]}}