{"id":69738,"date":"2015-04-30T15:58:11","date_gmt":"2015-04-30T18:58:11","guid":{"rendered":"http:\/\/www.redenoticia.com.br\/noticia\/?p=69738"},"modified":"2015-04-30T15:58:11","modified_gmt":"2015-04-30T18:58:11","slug":"inadimplencia-de-empresas-tem-alta-de-121-no-trimestre-indica-serasa","status":"publish","type":"post","link":"https:\/\/www.redenoticia.com.br\/noticia\/2015\/inadimplencia-de-empresas-tem-alta-de-121-no-trimestre-indica-serasa\/69738","title":{"rendered":"Inadimpl\u00eancia de empresas tem alta de 12,1% no trimestre, indica Serasa"},"content":{"rendered":"<p> A <strong><em>inadimpl\u00eancia das empresas<\/em><\/strong> medida pela Serasa Experian aumentou 12,1% nos primeiros tr\u00eas meses deste ano, em rela\u00e7\u00e3o ao mesmo per\u00edodo de 2014. Na passagem de fevereiro para mar\u00e7o, tamb\u00e9m foi registrada alta, de 11,9%. Na compara\u00e7\u00e3o de mar\u00e7o deste ano com o mesmo m\u00eas do ano passado, o aumento chega a 20,4%.<\/p>\n<p>Os t\u00edtulos protestados tiveram o maior aumento (29,5%) no primeiro trimestre de 2015, em compara\u00e7\u00e3o com o per\u00edodo de janeiro a mar\u00e7o do ano passado. Em seguida, v\u00eam os cheques sem fundo, com crescimento de 20,6% no mesmo per\u00edodo. No caso das d\u00edvidas n\u00e3o banc\u00e1rias, como contas de luz e telefone, a inadimpl\u00eancia subiu 2,7%. Os d\u00e9bitos com bancos tiveram aumento de 3,5%.<\/p>\n<p>O crescimento da inadimpl\u00eancia est\u00e1 ligado, segundo a Serasa, ao fraco desempenho econ\u00f4mico no in\u00edcio deste ano. De acordo com a consultoria, esse cen\u00e1rio prejudica o faturamento das empresas, que enfrentam ainda aumento de custos, com juros mais altos e cr\u00e9dito mais dif\u00edcil.<\/p>\n<p>Daniel Mello \u2013 Rep\u00f3rter da Ag\u00eancia Brasil<br \/>\nEdi\u00e7\u00e3o: Denise Griesinger<\/p>\n","protected":false},"excerpt":{"rendered":"<p>A inadimpl\u00eancia das empresas medida pela Serasa Experian aumentou 12,1% nos primeiros tr\u00eas meses deste ano, em rela\u00e7\u00e3o ao mesmo per\u00edodo de 2014. Na passagem de fevereiro para mar\u00e7o, tamb\u00e9m foi registrada alta, de 11,9%. Na compara\u00e7\u00e3o de mar\u00e7o deste ano com o mesmo m\u00eas do ano passado, o aumento chega a 20,4%. Os t\u00edtulos [&hellip;]<\/p>\n","protected":false},"author":2,"featured_media":57585,"comment_status":"open","ping_status":"closed","sticky":false,"template":"","format":"standard","meta":{"_genesis_hide_title":false,"_genesis_hide_breadcrumbs":false,"_genesis_hide_singular_image":false,"_genesis_hide_footer_widgets":false,"_genesis_custom_body_class":"","_genesis_custom_post_class":"","_genesis_layout":"","_jetpack_memberships_contains_paid_content":false,"footnotes":""},"categories":[22,7],"tags":[],"class_list":{"0":"post-69738","1":"post","2":"type-post","3":"status-publish","4":"format-standard","5":"has-post-thumbnail","7":"category-brasil","8":"category-economia","9":"entry","10":"gs-1","11":"gs-odd","12":"gs-even","13":"gs-featured-content-entry"},"jetpack_featured_media_url":"https:\/\/www.redenoticia.com.br\/noticia\/imagens\/analise-economia.jpg","jetpack_sharing_enabled":true,"jetpack_likes_enabled":true,"_links":{"self":[{"href":"https:\/\/www.redenoticia.com.br\/noticia\/wp-json\/wp\/v2\/posts\/69738","targetHints":{"allow":["GET"]}}],"collection":[{"href":"https:\/\/www.redenoticia.com.br\/noticia\/wp-json\/wp\/v2\/posts"}],"about":[{"href":"https:\/\/www.redenoticia.com.br\/noticia\/wp-json\/wp\/v2\/types\/post"}],"author":[{"embeddable":true,"href":"https:\/\/www.redenoticia.com.br\/noticia\/wp-json\/wp\/v2\/users\/2"}],"replies":[{"embeddable":true,"href":"https:\/\/www.redenoticia.com.br\/noticia\/wp-json\/wp\/v2\/comments?post=69738"}],"version-history":[{"count":0,"href":"https:\/\/www.redenoticia.com.br\/noticia\/wp-json\/wp\/v2\/posts\/69738\/revisions"}],"wp:featuredmedia":[{"embeddable":true,"href":"https:\/\/www.redenoticia.com.br\/noticia\/wp-json\/wp\/v2\/media\/57585"}],"wp:attachment":[{"href":"https:\/\/www.redenoticia.com.br\/noticia\/wp-json\/wp\/v2\/media?parent=69738"}],"wp:term":[{"taxonomy":"category","embeddable":true,"href":"https:\/\/www.redenoticia.com.br\/noticia\/wp-json\/wp\/v2\/categories?post=69738"},{"taxonomy":"post_tag","embeddable":true,"href":"https:\/\/www.redenoticia.com.br\/noticia\/wp-json\/wp\/v2\/tags?post=69738"}],"curies":[{"name":"wp","href":"https:\/\/api.w.org\/{rel}","templated":true}]}}