{"id":69736,"date":"2015-04-30T15:55:17","date_gmt":"2015-04-30T18:55:17","guid":{"rendered":"http:\/\/www.redenoticia.com.br\/noticia\/?p=69736"},"modified":"2015-04-30T15:55:17","modified_gmt":"2015-04-30T18:55:17","slug":"confianca-da-industria-atinge-o-menor-nivel-dos-ultimos-nove-anos","status":"publish","type":"post","link":"https:\/\/www.redenoticia.com.br\/noticia\/2015\/confianca-da-industria-atinge-o-menor-nivel-dos-ultimos-nove-anos\/69736","title":{"rendered":"Confian\u00e7a da ind\u00fastria atinge o menor n\u00edvel dos \u00faltimos nove anos"},"content":{"rendered":"<p> Os empres\u00e1rios da ind\u00fastria de transforma\u00e7\u00e3o no pa\u00eds est\u00e3o mais pessimistas em rela\u00e7\u00e3o aos rumos da economia no curto prazo, mas houve uma melhora em rela\u00e7\u00e3o ao momento atual. O <strong><em>\u00cdndice de Confian\u00e7a da Ind\u00fastria<\/em><\/strong> (ICI) caiu 3,4%, em abril, ao passar de 75,4 para 72,8 pontos, puxado pelas proje\u00e7\u00f5es do setor quanto ao desempenho nos pr\u00f3ximos tr\u00eas meses.<\/p>\n<p>Esse foi o n\u00edvel mais baixo da s\u00e9rie mensal da pesquisa Sondagem da Ind\u00fastria de Transforma\u00e7\u00e3o, iniciada em outubro de 2005. No entanto, no trimestre encerrado em mar\u00e7o, a velocidade de queda foi mais intensa (-9,2%). O levantamento do Instituto Brasileiro de Economia (Ibre) da Funda\u00e7\u00e3o Getulio Vargas (FGV) re\u00fane informa\u00e7\u00f5es coletadas com executivos de 1.130 empresas, no per\u00edodo de 1\u00ba a 27 de abril. De um total de 14 segmentos consultados, dez indicaram perda de confian\u00e7a na economia.<\/p>\n<p>Os dois componentes do \u00edndice apresentaram situa\u00e7\u00f5es distintas entre o momento atual e as proje\u00e7\u00f5es para os tr\u00eas meses seguintes. O \u00cdndice de Expectativas (IE) recuou 7,8%, atingindo 69,6 pontos, enquanto o \u00cdndice da Situa\u00e7\u00e3o Atual (ISA) subiu 1,1%, alcan\u00e7ando 76,1 pontos.<\/p>\n<p>A tend\u00eancia apontada pelo setor mostra queda de 13,6% na produ\u00e7\u00e3o nos pr\u00f3ximos tr\u00eas meses. Em mar\u00e7o, 26,9% dos entrevistados indicaram a possibilidade de aumento, taxa que foi reduzida para apenas 13,4%. Ao mesmo tempo, cresceu de 21,9% para 22,7% o universo dos que preveem queda na produ\u00e7\u00e3o.<\/p>\n<p>J\u00e1 em rela\u00e7\u00e3o ao momento atual, subiu de 4,7% para 8,1% o total de consultados que avaliam como boa a situa\u00e7\u00e3o atual para os neg\u00f3cios. Simultaneamente, caiu a parcela dos que classificam a situa\u00e7\u00e3o atual de ruim, passando de 39,9% para 38,1%.<\/p>\n<p>O superintendente adjunto para Ciclos Econ\u00f4micos do Ibre, Aloisio Campelo Jr., disse que, \u201cdiante do n\u00edvel extremamente fraco da demanda interna e de nova rodada de aumento de estoques, o setor ainda n\u00e3o v\u00ea perspectivas de melhora nos tr\u00eas meses seguintes e continua projetando ajustes no n\u00edvel de produ\u00e7\u00e3o e no quadro de pessoal\u201d.<\/p>\n<p>Marli Moreira &#8211; Rep\u00f3rter da Ag\u00eancia Brasil<br \/>\nEdi\u00e7\u00e3o: Jos\u00e9 Romildo<\/p>\n","protected":false},"excerpt":{"rendered":"<p>Os empres\u00e1rios da ind\u00fastria de transforma\u00e7\u00e3o no pa\u00eds est\u00e3o mais pessimistas em rela\u00e7\u00e3o aos rumos da economia no curto prazo, mas houve uma melhora em rela\u00e7\u00e3o ao momento atual. O \u00cdndice de Confian\u00e7a da Ind\u00fastria (ICI) caiu 3,4%, em abril, ao passar de 75,4 para 72,8 pontos, puxado pelas proje\u00e7\u00f5es do setor quanto ao desempenho [&hellip;]<\/p>\n","protected":false},"author":2,"featured_media":57584,"comment_status":"open","ping_status":"closed","sticky":false,"template":"","format":"standard","meta":{"_genesis_hide_title":false,"_genesis_hide_breadcrumbs":false,"_genesis_hide_singular_image":false,"_genesis_hide_footer_widgets":false,"_genesis_custom_body_class":"","_genesis_custom_post_class":"","_genesis_layout":"","_jetpack_memberships_contains_paid_content":false,"footnotes":""},"categories":[22,7],"tags":[],"class_list":{"0":"post-69736","1":"post","2":"type-post","3":"status-publish","4":"format-standard","5":"has-post-thumbnail","7":"category-brasil","8":"category-economia","9":"entry","10":"gs-1","11":"gs-odd","12":"gs-even","13":"gs-featured-content-entry"},"jetpack_featured_media_url":"https:\/\/www.redenoticia.com.br\/noticia\/imagens\/economia-grafica-analise-inflacao.jpg","jetpack_sharing_enabled":true,"jetpack_likes_enabled":true,"_links":{"self":[{"href":"https:\/\/www.redenoticia.com.br\/noticia\/wp-json\/wp\/v2\/posts\/69736","targetHints":{"allow":["GET"]}}],"collection":[{"href":"https:\/\/www.redenoticia.com.br\/noticia\/wp-json\/wp\/v2\/posts"}],"about":[{"href":"https:\/\/www.redenoticia.com.br\/noticia\/wp-json\/wp\/v2\/types\/post"}],"author":[{"embeddable":true,"href":"https:\/\/www.redenoticia.com.br\/noticia\/wp-json\/wp\/v2\/users\/2"}],"replies":[{"embeddable":true,"href":"https:\/\/www.redenoticia.com.br\/noticia\/wp-json\/wp\/v2\/comments?post=69736"}],"version-history":[{"count":0,"href":"https:\/\/www.redenoticia.com.br\/noticia\/wp-json\/wp\/v2\/posts\/69736\/revisions"}],"wp:featuredmedia":[{"embeddable":true,"href":"https:\/\/www.redenoticia.com.br\/noticia\/wp-json\/wp\/v2\/media\/57584"}],"wp:attachment":[{"href":"https:\/\/www.redenoticia.com.br\/noticia\/wp-json\/wp\/v2\/media?parent=69736"}],"wp:term":[{"taxonomy":"category","embeddable":true,"href":"https:\/\/www.redenoticia.com.br\/noticia\/wp-json\/wp\/v2\/categories?post=69736"},{"taxonomy":"post_tag","embeddable":true,"href":"https:\/\/www.redenoticia.com.br\/noticia\/wp-json\/wp\/v2\/tags?post=69736"}],"curies":[{"name":"wp","href":"https:\/\/api.w.org\/{rel}","templated":true}]}}