{"id":69734,"date":"2015-04-30T15:48:44","date_gmt":"2015-04-30T18:48:44","guid":{"rendered":"http:\/\/www.redenoticia.com.br\/noticia\/?p=69734"},"modified":"2015-04-30T15:48:44","modified_gmt":"2015-04-30T18:48:44","slug":"entidades-paulistas-criticam-aumento-da-selic","status":"publish","type":"post","link":"https:\/\/www.redenoticia.com.br\/noticia\/2015\/entidades-paulistas-criticam-aumento-da-selic\/69734","title":{"rendered":"Entidades paulistas criticam aumento da Selic"},"content":{"rendered":"<p> A For\u00e7a Sindical criticou o aumento da <strong><em>taxa Selic<\/em><\/strong> para 13,25%. \u201cA decis\u00e3o do Comit\u00ea de Pol\u00edtica Monet\u00e1ria (Copom) fortalece os obst\u00e1culos ao desenvolvimento com distribui\u00e7\u00e3o de renda do pa\u00eds\u201d, informou em nota.<\/p>\n<p> A entidade afirmou ainda que a medida privilegia quem vive da especula\u00e7\u00e3o financeira e ressaltou que o governo insiste em medidas de aperto monet\u00e1rio, quando o pa\u00eds mant\u00e9m a \u201catividade econ\u00f4mica travada e com uma ind\u00fastria que vem acumulando resultados negativos m\u00eas ap\u00f3s m\u00eas&#8221;. &#8220;Estas pol\u00edticas mal orientadas deprimem ainda mais a economia, em vez de faz\u00ea-la crescer\u201d, destaca o texto.<\/p>\n<p>J\u00e1  presidente da Associa\u00e7\u00e3o Comercial de S\u00e3o Paulo (ACSP) e da Federa\u00e7\u00e3o das Associa\u00e7\u00f5es Comerciais do Estado de S\u00e3o Paulo (Facesp), Alencar Burti, disse, em nota, que a decis\u00e3o do Copom pelo aumento da taxa \u00e9 equivocada. Para ele, impactos dos aumentos anteriores da Selic ainda s\u00e3o sentidos pela economia e considerou que o quadro atual pode levar \u00e0 recess\u00e3o prolongada.<\/p>\n<p>Alencar Burti acrescentou que todos os indicadores da atividade econ\u00f4mica, da produ\u00e7\u00e3o industrial, das vendas do varejo e do desempenho dos servi\u00e7os mostram sens\u00edvel desacelera\u00e7\u00e3o.<\/p>\n<p>Pela quinta vez consecutiva, o Banco Central (BC) reajustou os juros b\u00e1sicos da economia. Por unanimidade, o Copom aumentou a taxa Selic em 0,5 ponto percentual, para 13,25% ao ano. O \u00f3rg\u00e3o manteve o ritmo do aperto monet\u00e1rio. Na reuni\u00e3o anterior, no in\u00edcio de mar\u00e7o, a taxa tamb\u00e9m foi reajustada em 0,5 ponto.<\/p>\n<p>Camila Boehm \u2013 Rep\u00f3rter da Ag\u00eancia Brasil<br \/>\nEdi\u00e7\u00e3o: A\u00e9cio Amado<\/p>\n","protected":false},"excerpt":{"rendered":"<p>A For\u00e7a Sindical criticou o aumento da taxa Selic para 13,25%. \u201cA decis\u00e3o do Comit\u00ea de Pol\u00edtica Monet\u00e1ria (Copom) fortalece os obst\u00e1culos ao desenvolvimento com distribui\u00e7\u00e3o de renda do pa\u00eds\u201d, informou em nota. A entidade afirmou ainda que a medida privilegia quem vive da especula\u00e7\u00e3o financeira e ressaltou que o governo insiste em medidas de [&hellip;]<\/p>\n","protected":false},"author":2,"featured_media":38940,"comment_status":"open","ping_status":"closed","sticky":false,"template":"","format":"standard","meta":{"_genesis_hide_title":false,"_genesis_hide_breadcrumbs":false,"_genesis_hide_singular_image":false,"_genesis_hide_footer_widgets":false,"_genesis_custom_body_class":"","_genesis_custom_post_class":"","_genesis_layout":"","_jetpack_memberships_contains_paid_content":false,"footnotes":""},"categories":[22,7],"tags":[],"class_list":{"0":"post-69734","1":"post","2":"type-post","3":"status-publish","4":"format-standard","5":"has-post-thumbnail","7":"category-brasil","8":"category-economia","9":"entry","10":"gs-1","11":"gs-odd","12":"gs-even","13":"gs-featured-content-entry"},"jetpack_featured_media_url":"https:\/\/www.redenoticia.com.br\/noticia\/imagens\/grafico.jpg","jetpack_sharing_enabled":true,"jetpack_likes_enabled":true,"_links":{"self":[{"href":"https:\/\/www.redenoticia.com.br\/noticia\/wp-json\/wp\/v2\/posts\/69734","targetHints":{"allow":["GET"]}}],"collection":[{"href":"https:\/\/www.redenoticia.com.br\/noticia\/wp-json\/wp\/v2\/posts"}],"about":[{"href":"https:\/\/www.redenoticia.com.br\/noticia\/wp-json\/wp\/v2\/types\/post"}],"author":[{"embeddable":true,"href":"https:\/\/www.redenoticia.com.br\/noticia\/wp-json\/wp\/v2\/users\/2"}],"replies":[{"embeddable":true,"href":"https:\/\/www.redenoticia.com.br\/noticia\/wp-json\/wp\/v2\/comments?post=69734"}],"version-history":[{"count":0,"href":"https:\/\/www.redenoticia.com.br\/noticia\/wp-json\/wp\/v2\/posts\/69734\/revisions"}],"wp:featuredmedia":[{"embeddable":true,"href":"https:\/\/www.redenoticia.com.br\/noticia\/wp-json\/wp\/v2\/media\/38940"}],"wp:attachment":[{"href":"https:\/\/www.redenoticia.com.br\/noticia\/wp-json\/wp\/v2\/media?parent=69734"}],"wp:term":[{"taxonomy":"category","embeddable":true,"href":"https:\/\/www.redenoticia.com.br\/noticia\/wp-json\/wp\/v2\/categories?post=69734"},{"taxonomy":"post_tag","embeddable":true,"href":"https:\/\/www.redenoticia.com.br\/noticia\/wp-json\/wp\/v2\/tags?post=69734"}],"curies":[{"name":"wp","href":"https:\/\/api.w.org\/{rel}","templated":true}]}}