{"id":69671,"date":"2015-04-29T18:10:33","date_gmt":"2015-04-29T21:10:33","guid":{"rendered":"http:\/\/www.redenoticia.com.br\/noticia\/?p=69671"},"modified":"2015-04-29T18:10:33","modified_gmt":"2015-04-29T21:10:33","slug":"endividamento-das-familias-em-abril-chega-a-616","status":"publish","type":"post","link":"https:\/\/www.redenoticia.com.br\/noticia\/2015\/endividamento-das-familias-em-abril-chega-a-616\/69671","title":{"rendered":"Endividamento das fam\u00edlias em abril chega a 61,6%"},"content":{"rendered":"<p> O percentual de <strong><em>fam\u00edlias endividadas<\/em><\/strong> e inadimplentes subiu na passagem de mar\u00e7o para abril deste ano, mas ficou abaixo do patamar do mesmo per\u00edodo de 2014. Segundo a Pesquisa Nacional de Endividamento e Inadimpl\u00eancia do Consumidor, da Confedera\u00e7\u00e3o Nacional do Com\u00e9rcio (CNC), o percentual de endividados subiu de 59,6% em mar\u00e7o para 61,6% em abril deste ano. Em abril de 2014, a taxa era 62,3%.<\/p>\n<p>A inadimpl\u00eancia afetou 19,7% das fam\u00edlias brasileiras em abril deste ano, dado superior aos 17,9% de mar\u00e7o, por\u00e9m inferior aos 21% de abril do ano passado. As fam\u00edlias que n\u00e3o tiveram condi\u00e7\u00f5es de pagar suas contas ou d\u00edvidas ficou em 6,9%. Em 2014, os percentuais foram 6,2% (mar\u00e7o) e 6,9% (abril).<\/p>\n<p>A maior parte das d\u00edvidas foi feita com cart\u00f5es de cr\u00e9dito (75%), seguida de carn\u00eas (16%), financiamento de carro (14%), financiamento de casa (8,6%), cr\u00e9dito pessoal (8,3%) e cheque especial (5,7%). O tempo m\u00e9dio do pagamento em atraso foi 60,9 dias.<\/p>\n<p>Vitor Abdala &#8211; Rep\u00f3rter da Ag\u00eancia Brasil<br \/>\nEdi\u00e7\u00e3o: Denise Griesinger<br \/>\nEndividamento das fam\u00edlias cresce de mar\u00e7o para abril, mas \u00e9 menor que em 2014<\/p>\n","protected":false},"excerpt":{"rendered":"<p>O percentual de fam\u00edlias endividadas e inadimplentes subiu na passagem de mar\u00e7o para abril deste ano, mas ficou abaixo do patamar do mesmo per\u00edodo de 2014. Segundo a Pesquisa Nacional de Endividamento e Inadimpl\u00eancia do Consumidor, da Confedera\u00e7\u00e3o Nacional do Com\u00e9rcio (CNC), o percentual de endividados subiu de 59,6% em mar\u00e7o para 61,6% em abril [&hellip;]<\/p>\n","protected":false},"author":2,"featured_media":57584,"comment_status":"open","ping_status":"closed","sticky":false,"template":"","format":"standard","meta":{"_genesis_hide_title":false,"_genesis_hide_breadcrumbs":false,"_genesis_hide_singular_image":false,"_genesis_hide_footer_widgets":false,"_genesis_custom_body_class":"","_genesis_custom_post_class":"","_genesis_layout":"","_jetpack_memberships_contains_paid_content":false,"footnotes":""},"categories":[22,7],"tags":[],"class_list":{"0":"post-69671","1":"post","2":"type-post","3":"status-publish","4":"format-standard","5":"has-post-thumbnail","7":"category-brasil","8":"category-economia","9":"entry","10":"gs-1","11":"gs-odd","12":"gs-even","13":"gs-featured-content-entry"},"jetpack_featured_media_url":"https:\/\/www.redenoticia.com.br\/noticia\/imagens\/economia-grafica-analise-inflacao.jpg","jetpack_sharing_enabled":true,"jetpack_likes_enabled":true,"_links":{"self":[{"href":"https:\/\/www.redenoticia.com.br\/noticia\/wp-json\/wp\/v2\/posts\/69671","targetHints":{"allow":["GET"]}}],"collection":[{"href":"https:\/\/www.redenoticia.com.br\/noticia\/wp-json\/wp\/v2\/posts"}],"about":[{"href":"https:\/\/www.redenoticia.com.br\/noticia\/wp-json\/wp\/v2\/types\/post"}],"author":[{"embeddable":true,"href":"https:\/\/www.redenoticia.com.br\/noticia\/wp-json\/wp\/v2\/users\/2"}],"replies":[{"embeddable":true,"href":"https:\/\/www.redenoticia.com.br\/noticia\/wp-json\/wp\/v2\/comments?post=69671"}],"version-history":[{"count":0,"href":"https:\/\/www.redenoticia.com.br\/noticia\/wp-json\/wp\/v2\/posts\/69671\/revisions"}],"wp:featuredmedia":[{"embeddable":true,"href":"https:\/\/www.redenoticia.com.br\/noticia\/wp-json\/wp\/v2\/media\/57584"}],"wp:attachment":[{"href":"https:\/\/www.redenoticia.com.br\/noticia\/wp-json\/wp\/v2\/media?parent=69671"}],"wp:term":[{"taxonomy":"category","embeddable":true,"href":"https:\/\/www.redenoticia.com.br\/noticia\/wp-json\/wp\/v2\/categories?post=69671"},{"taxonomy":"post_tag","embeddable":true,"href":"https:\/\/www.redenoticia.com.br\/noticia\/wp-json\/wp\/v2\/tags?post=69671"}],"curies":[{"name":"wp","href":"https:\/\/api.w.org\/{rel}","templated":true}]}}