{"id":69669,"date":"2015-04-29T18:06:58","date_gmt":"2015-04-29T21:06:58","guid":{"rendered":"http:\/\/www.redenoticia.com.br\/noticia\/?p=69669"},"modified":"2015-04-29T18:06:58","modified_gmt":"2015-04-29T21:06:58","slug":"indice-que-reajusta-aluguel-chega-a-117-em-abril-diz-fgv","status":"publish","type":"post","link":"https:\/\/www.redenoticia.com.br\/noticia\/2015\/indice-que-reajusta-aluguel-chega-a-117-em-abril-diz-fgv\/69669","title":{"rendered":"\u00cdndice que reajusta aluguel chega a 1,17% em abril, diz FGV"},"content":{"rendered":"<p> O \u00cdndice Geral de Pre\u00e7os do Mercado (<strong><em>IGP-M<\/em><\/strong>) encerrou abril com alta acumulada em 12 meses de 3,55%. Essa varia\u00e7\u00e3o \u00e9 a que serve de base de c\u00e1lculo em contratos de aluguel. Na virada de mar\u00e7o para abril, o \u00edndice subiu de 0,98% para 1,17%. Tamb\u00e9m houve eleva\u00e7\u00e3o com maior intensidade sobre o mesmo m\u00eas do ano passado quando, a taxa oscilou 0,78%.<\/p>\n<p>A pesquisa do Instituto Brasileiro de Economia da Funda\u00e7\u00e3o Getulio Vargas (Ibre-FGV) mostra as varia\u00e7\u00f5es de pre\u00e7os verificadas entre entre 21 de mar\u00e7o e 20 de abril. Dois dos tr\u00eas componentes do IGP-M avan\u00e7aram em abril: o \u00cdndice de Pre\u00e7os ao Produtor Amplo (IPA) que passou de 0,92% para 1,41% e o \u00cdndice Nacional de Custo da Constru\u00e7\u00e3o (INCC) com alta equivalente a quase o dobro do constatado em mar\u00e7o (de 0,36% para 0,65%).<\/p>\n<p>O impacto do \u00cdndice de Pre\u00e7os ao Consumidor (IPC) foi menor do que no m\u00eas anterior, com aumento de 0,75%. Em mar\u00e7o o IPC teve um aumento de 1,42%.<\/p>\n<p>No que se refere ao IPA, foram feitas corre\u00e7\u00f5es em rela\u00e7\u00e3o a mar\u00e7o no segmento de bens finais puxados, principalmente, pelo subgrupo alimentos processados que na apura\u00e7\u00e3o passada permaneceu est\u00e1vel. Em abril, o subgrupo teve alta de 2,03%. Tamb\u00e9m pesou o aumento de pre\u00e7os no grupo dos bens intermedi\u00e1rios com maior influ\u00eancia do reajuste m\u00e9dio de materiais e componentes para a manufatura (de 0,40% para 1,82%).<\/p>\n<p>Em compensa\u00e7\u00e3o, perderam for\u00e7a alguns pre\u00e7os das commodities \u2013 produtos prim\u00e1rios com cota\u00e7\u00e3o no mercado internacional. No caso da soja, por exemplo, os pre\u00e7os subiram com menos intensidade do que em mar\u00e7o passando de 8,30% para 2,43%. A cota\u00e7\u00e3o do milho em gr\u00e3o caiu 0,10% ap\u00f3s ter subido 3,75% e a das aves passou de 3,11% para -0,36%. No mesmo per\u00edodo, houve eleva\u00e7\u00e3o do caf\u00e9 em gr\u00e3o (de -3,23% para 3,59%); dos bovinos (de 0,15% para 2,10%) e do min\u00e9rio de ferro (de 1,19% para 2,05%).<\/p>\n<p>Marli Moreira &#8211; Rep\u00f3rter da Ag\u00eancia Brasil<br \/>\nEdi\u00e7\u00e3o: Marcos Chagas<\/p>\n","protected":false},"excerpt":{"rendered":"<p>O \u00cdndice Geral de Pre\u00e7os do Mercado (IGP-M) encerrou abril com alta acumulada em 12 meses de 3,55%. Essa varia\u00e7\u00e3o \u00e9 a que serve de base de c\u00e1lculo em contratos de aluguel. Na virada de mar\u00e7o para abril, o \u00edndice subiu de 0,98% para 1,17%. Tamb\u00e9m houve eleva\u00e7\u00e3o com maior intensidade sobre o mesmo m\u00eas [&hellip;]<\/p>\n","protected":false},"author":2,"featured_media":57585,"comment_status":"open","ping_status":"closed","sticky":false,"template":"","format":"standard","meta":{"_genesis_hide_title":false,"_genesis_hide_breadcrumbs":false,"_genesis_hide_singular_image":false,"_genesis_hide_footer_widgets":false,"_genesis_custom_body_class":"","_genesis_custom_post_class":"","_genesis_layout":"","_jetpack_memberships_contains_paid_content":false,"footnotes":""},"categories":[22,7],"tags":[],"class_list":{"0":"post-69669","1":"post","2":"type-post","3":"status-publish","4":"format-standard","5":"has-post-thumbnail","7":"category-brasil","8":"category-economia","9":"entry","10":"gs-1","11":"gs-odd","12":"gs-even","13":"gs-featured-content-entry"},"jetpack_featured_media_url":"https:\/\/www.redenoticia.com.br\/noticia\/imagens\/analise-economia.jpg","jetpack_sharing_enabled":true,"jetpack_likes_enabled":true,"_links":{"self":[{"href":"https:\/\/www.redenoticia.com.br\/noticia\/wp-json\/wp\/v2\/posts\/69669","targetHints":{"allow":["GET"]}}],"collection":[{"href":"https:\/\/www.redenoticia.com.br\/noticia\/wp-json\/wp\/v2\/posts"}],"about":[{"href":"https:\/\/www.redenoticia.com.br\/noticia\/wp-json\/wp\/v2\/types\/post"}],"author":[{"embeddable":true,"href":"https:\/\/www.redenoticia.com.br\/noticia\/wp-json\/wp\/v2\/users\/2"}],"replies":[{"embeddable":true,"href":"https:\/\/www.redenoticia.com.br\/noticia\/wp-json\/wp\/v2\/comments?post=69669"}],"version-history":[{"count":0,"href":"https:\/\/www.redenoticia.com.br\/noticia\/wp-json\/wp\/v2\/posts\/69669\/revisions"}],"wp:featuredmedia":[{"embeddable":true,"href":"https:\/\/www.redenoticia.com.br\/noticia\/wp-json\/wp\/v2\/media\/57585"}],"wp:attachment":[{"href":"https:\/\/www.redenoticia.com.br\/noticia\/wp-json\/wp\/v2\/media?parent=69669"}],"wp:term":[{"taxonomy":"category","embeddable":true,"href":"https:\/\/www.redenoticia.com.br\/noticia\/wp-json\/wp\/v2\/categories?post=69669"},{"taxonomy":"post_tag","embeddable":true,"href":"https:\/\/www.redenoticia.com.br\/noticia\/wp-json\/wp\/v2\/tags?post=69669"}],"curies":[{"name":"wp","href":"https:\/\/api.w.org\/{rel}","templated":true}]}}