{"id":69632,"date":"2015-04-28T17:40:13","date_gmt":"2015-04-28T20:40:13","guid":{"rendered":"http:\/\/www.redenoticia.com.br\/noticia\/?p=69632"},"modified":"2015-04-28T17:51:11","modified_gmt":"2015-04-28T20:51:11","slug":"consumo-de-energia-eletrica-cai-09-em-marco","status":"publish","type":"post","link":"https:\/\/www.redenoticia.com.br\/noticia\/2015\/consumo-de-energia-eletrica-cai-09-em-marco\/69632","title":{"rendered":"Consumo de energia el\u00e9trica cai 0,9% em mar\u00e7o"},"content":{"rendered":"<p> O <strong><em>consumo de energia el\u00e9trica<\/em><\/strong> no pa\u00eds caiu 0,9% em mar\u00e7o deste ano, na compara\u00e7\u00e3o com o mesmo per\u00edodo do ano passado. No total, foram consumidos 39,8 mil gigawatts-hora (GWh) no m\u00eas passado, segundo a Empresa de Pesquisa Energ\u00e9tica (EPE), vinculada ao Minist\u00e9rio de Minas e Energia.<\/p>\n<p>De acordo com a EPE, o consumo residencial caiu 1,1%, devido a fatores como as temperaturas mais amenas comparadas ao mesmo per\u00edodo do ano passado, que levaram a um uso menor dos aparelhos de ar condicionado.<\/p>\n<p>O consumo das ind\u00fastrias manteve-se em queda (-3,2%), ainda como reflexo da atividade fraca generalizada do segmento econ\u00f4mico. J\u00e1 o consumo do com\u00e9rcio cresceu 2,1%, em um ritmo abaixo do seu hist\u00f3rico, devido a fatores como o cen\u00e1rio econ\u00f4mico adverso e temperaturas mais amenas.<\/p>\n<p>No acumulado do terceiro trimestre de 2014, a queda do consumo de energia no pa\u00eds chegou a 0,6%. No acumulado de 12 meses, no entanto, houve alta de 0,5%.<\/p>\n<p>Vitor Abdala &#8211; Rep\u00f3rter da Ag\u00eancia Brasil<br \/>\nEdi\u00e7\u00e3o: Marcos Chagas<\/p>\n","protected":false},"excerpt":{"rendered":"<p>O consumo de energia el\u00e9trica no pa\u00eds caiu 0,9% em mar\u00e7o deste ano, na compara\u00e7\u00e3o com o mesmo per\u00edodo do ano passado. No total, foram consumidos 39,8 mil gigawatts-hora (GWh) no m\u00eas passado, segundo a Empresa de Pesquisa Energ\u00e9tica (EPE), vinculada ao Minist\u00e9rio de Minas e Energia. De acordo com a EPE, o consumo residencial [&hellip;]<\/p>\n","protected":false},"author":2,"featured_media":57583,"comment_status":"open","ping_status":"closed","sticky":false,"template":"","format":"standard","meta":{"_genesis_hide_title":false,"_genesis_hide_breadcrumbs":false,"_genesis_hide_singular_image":false,"_genesis_hide_footer_widgets":false,"_genesis_custom_body_class":"","_genesis_custom_post_class":"","_genesis_layout":"","_jetpack_memberships_contains_paid_content":false,"footnotes":""},"categories":[22,7],"tags":[],"class_list":{"0":"post-69632","1":"post","2":"type-post","3":"status-publish","4":"format-standard","5":"has-post-thumbnail","7":"category-brasil","8":"category-economia","9":"entry","10":"gs-1","11":"gs-odd","12":"gs-even","13":"gs-featured-content-entry"},"jetpack_featured_media_url":"https:\/\/www.redenoticia.com.br\/noticia\/imagens\/economia-grafico.jpg","jetpack_sharing_enabled":true,"jetpack_likes_enabled":true,"_links":{"self":[{"href":"https:\/\/www.redenoticia.com.br\/noticia\/wp-json\/wp\/v2\/posts\/69632","targetHints":{"allow":["GET"]}}],"collection":[{"href":"https:\/\/www.redenoticia.com.br\/noticia\/wp-json\/wp\/v2\/posts"}],"about":[{"href":"https:\/\/www.redenoticia.com.br\/noticia\/wp-json\/wp\/v2\/types\/post"}],"author":[{"embeddable":true,"href":"https:\/\/www.redenoticia.com.br\/noticia\/wp-json\/wp\/v2\/users\/2"}],"replies":[{"embeddable":true,"href":"https:\/\/www.redenoticia.com.br\/noticia\/wp-json\/wp\/v2\/comments?post=69632"}],"version-history":[{"count":0,"href":"https:\/\/www.redenoticia.com.br\/noticia\/wp-json\/wp\/v2\/posts\/69632\/revisions"}],"wp:featuredmedia":[{"embeddable":true,"href":"https:\/\/www.redenoticia.com.br\/noticia\/wp-json\/wp\/v2\/media\/57583"}],"wp:attachment":[{"href":"https:\/\/www.redenoticia.com.br\/noticia\/wp-json\/wp\/v2\/media?parent=69632"}],"wp:term":[{"taxonomy":"category","embeddable":true,"href":"https:\/\/www.redenoticia.com.br\/noticia\/wp-json\/wp\/v2\/categories?post=69632"},{"taxonomy":"post_tag","embeddable":true,"href":"https:\/\/www.redenoticia.com.br\/noticia\/wp-json\/wp\/v2\/tags?post=69632"}],"curies":[{"name":"wp","href":"https:\/\/api.w.org\/{rel}","templated":true}]}}