{"id":69630,"date":"2015-04-28T17:46:54","date_gmt":"2015-04-28T20:46:54","guid":{"rendered":"http:\/\/www.redenoticia.com.br\/noticia\/?p=69630"},"modified":"2015-04-28T17:46:54","modified_gmt":"2015-04-28T20:46:54","slug":"rendimento-real-dos-trabalhadores-tem-maior-queda-mensal-em-12-anos","status":"publish","type":"post","link":"https:\/\/www.redenoticia.com.br\/noticia\/2015\/rendimento-real-dos-trabalhadores-tem-maior-queda-mensal-em-12-anos\/69630","title":{"rendered":"Rendimento real dos trabalhadores tem maior queda mensal em 12 anos"},"content":{"rendered":"<p> A queda de <strong><em>rendimento m\u00e9dio real<\/em><\/strong> habitual dos trabalhadores registrada em mar\u00e7o de 2015 pela Pesquisa Mensal do Emprego (PME) foi a maior desde janeiro de 2003, se considerada a compara\u00e7\u00e3o com m\u00eas imediatamente anterior. De acordo com o Instituto Brasileiro de Geografia e Estat\u00edstica (IBGE), a renda caiu 2,8%, recuando de R$ 2.196,76 para R$ 2.134,60.<\/p>\n<p>Na compara\u00e7\u00e3o com mar\u00e7o do ano passado, a perda do rendimento foi 3%, maior recuo desde fevereiro de 2004. Com a queda, a renda dos trabalhadores ficou abaixo tamb\u00e9m da registrada em mar\u00e7o de 2013, quando era R$ 2.136,71. Em mar\u00e7o de 2014, os trabalhadores recebiam, em m\u00e9dia, R$ 2.200,85.<\/p>\n<p>Os funcion\u00e1rios p\u00fablicos estatut\u00e1rios e militares foram os que mais perderam rendimento na compara\u00e7\u00e3o com fevereiro, e tamb\u00e9m na compara\u00e7\u00e3o anual, com quedas de 2,3% e 3,1%. No ano passado, a renda m\u00e9dia desse grupo era R$ 3.726,10, e, neste ano, o valor ficou em R$ 3.612,10. Segundo a coordenadora da Pesquisa Nacional por Amostra por Domic\u00edlio, Maria L\u00facia Vieira, que apresentou os dados da PME, a falta de reajustes pode ter sido uma das causas da queda.<\/p>\n<p>Os trabalhadores com carteira assinada sofreram a segunda maior redu\u00e7\u00e3o de rendimento. Eles perderam 2,1% em compara\u00e7\u00e3o com fevereiro e 2,3% na compara\u00e7\u00e3o com mar\u00e7o. A renda m\u00e9dia desse grupo caiu de R$ 2.005,37 para R$ 1.959,70, enquanto os trabalhadores sem carteira assinada passaram de R$ R$ 1.518,63 para R$ 1.560, com alta de 2,7%. Em rela\u00e7\u00e3o a fevereiro, no entanto, esse grupo tamb\u00e9m perdeu renda, com uma queda de 0,4%.<\/p>\n<p>No rendimento m\u00e9dio habitual dos trabalhadores nas seis regi\u00f5es metropolitanas pesquisadas, a maior queda ocorreu em Salvador: a renda caiu 6,8% na compara\u00e7\u00e3o com fevereiro e 6,9% em rela\u00e7\u00e3o a mar\u00e7o de 2014, chegando a R$ 1.601,80, a menor entre as seis regi\u00f5es.<\/p>\n<p>Quem mais sentiu os efeitos da queda no rendimento em Salvador foi o trabalhador por conta pr\u00f3pria: a renda caiu 7% em rela\u00e7\u00e3o a fevereiro e 18,7% em rela\u00e7\u00e3o a mar\u00e7o de 2014. A renda do trabalhador sem carteira assinada no setor privado subiu 9,1% em compara\u00e7\u00e3o com fevereiro e 18,8% em compara\u00e7\u00e3o com mar\u00e7o.<\/p>\n<p>Porto Alegre teve a segunda maior queda no rendimento na compara\u00e7\u00e3o com o m\u00eas de fevereiro, de 4,4%. Em rela\u00e7\u00e3o a mar\u00e7o do ano passado, a regi\u00e3o metropolitana ga\u00facha teve recuo de 3,5% no rendimento real habitual dos trabalhadores, que ficou em R$ 2.099,30.<\/p>\n<p>A regi\u00e3o metropolitana do Recife foi a \u00fanica que teve aumento da renda na compara\u00e7\u00e3o com o ano passado, com alta de 2,2%, de R$ 1.605,06 para R$ 1.641. Quando analisado o m\u00eas imediatamente anterior, houve retra\u00e7\u00e3o de 1,4% na renda.<\/p>\n<p>Rio de Janeiro (-2,6%), Belo Horizonte (-3,1%) e S\u00e3o Paulo (-2,3%) tamb\u00e9m tiveram queda na compara\u00e7\u00e3o com fevereiro, e, quando comparadas a mar\u00e7o de 2014, essas tr\u00eas regi\u00f5es metropolitanas tiveram queda de 2,2%, 2,8% e 3,4%.<\/p>\n<p>Vin\u00edcius Lisboa &#8211; Rep\u00f3rter da Ag\u00eancia Brasil<br \/>\nEdi\u00e7\u00e3o: Jos\u00e9 Romildo<\/p>\n","protected":false},"excerpt":{"rendered":"<p>A queda de rendimento m\u00e9dio real habitual dos trabalhadores registrada em mar\u00e7o de 2015 pela Pesquisa Mensal do Emprego (PME) foi a maior desde janeiro de 2003, se considerada a compara\u00e7\u00e3o com m\u00eas imediatamente anterior. De acordo com o Instituto Brasileiro de Geografia e Estat\u00edstica (IBGE), a renda caiu 2,8%, recuando de R$ 2.196,76 para [&hellip;]<\/p>\n","protected":false},"author":2,"featured_media":40517,"comment_status":"open","ping_status":"closed","sticky":false,"template":"","format":"standard","meta":{"_genesis_hide_title":false,"_genesis_hide_breadcrumbs":false,"_genesis_hide_singular_image":false,"_genesis_hide_footer_widgets":false,"_genesis_custom_body_class":"","_genesis_custom_post_class":"","_genesis_layout":"","_jetpack_memberships_contains_paid_content":false,"footnotes":""},"categories":[22,7],"tags":[],"class_list":{"0":"post-69630","1":"post","2":"type-post","3":"status-publish","4":"format-standard","5":"has-post-thumbnail","7":"category-brasil","8":"category-economia","9":"entry","10":"gs-1","11":"gs-odd","12":"gs-even","13":"gs-featured-content-entry"},"jetpack_featured_media_url":"https:\/\/www.redenoticia.com.br\/noticia\/imagens\/economia-previsao.jpg","jetpack_sharing_enabled":true,"jetpack_likes_enabled":true,"_links":{"self":[{"href":"https:\/\/www.redenoticia.com.br\/noticia\/wp-json\/wp\/v2\/posts\/69630","targetHints":{"allow":["GET"]}}],"collection":[{"href":"https:\/\/www.redenoticia.com.br\/noticia\/wp-json\/wp\/v2\/posts"}],"about":[{"href":"https:\/\/www.redenoticia.com.br\/noticia\/wp-json\/wp\/v2\/types\/post"}],"author":[{"embeddable":true,"href":"https:\/\/www.redenoticia.com.br\/noticia\/wp-json\/wp\/v2\/users\/2"}],"replies":[{"embeddable":true,"href":"https:\/\/www.redenoticia.com.br\/noticia\/wp-json\/wp\/v2\/comments?post=69630"}],"version-history":[{"count":0,"href":"https:\/\/www.redenoticia.com.br\/noticia\/wp-json\/wp\/v2\/posts\/69630\/revisions"}],"wp:featuredmedia":[{"embeddable":true,"href":"https:\/\/www.redenoticia.com.br\/noticia\/wp-json\/wp\/v2\/media\/40517"}],"wp:attachment":[{"href":"https:\/\/www.redenoticia.com.br\/noticia\/wp-json\/wp\/v2\/media?parent=69630"}],"wp:term":[{"taxonomy":"category","embeddable":true,"href":"https:\/\/www.redenoticia.com.br\/noticia\/wp-json\/wp\/v2\/categories?post=69630"},{"taxonomy":"post_tag","embeddable":true,"href":"https:\/\/www.redenoticia.com.br\/noticia\/wp-json\/wp\/v2\/tags?post=69630"}],"curies":[{"name":"wp","href":"https:\/\/api.w.org\/{rel}","templated":true}]}}