{"id":69628,"date":"2015-04-28T17:43:42","date_gmt":"2015-04-28T20:43:42","guid":{"rendered":"http:\/\/www.redenoticia.com.br\/noticia\/?p=69628"},"modified":"2015-04-28T17:43:42","modified_gmt":"2015-04-28T20:43:42","slug":"inflacao-tem-nova-alta-em-sao-paulo-e-atinge-107","status":"publish","type":"post","link":"https:\/\/www.redenoticia.com.br\/noticia\/2015\/inflacao-tem-nova-alta-em-sao-paulo-e-atinge-107\/69628","title":{"rendered":"Infla\u00e7\u00e3o tem nova alta em S\u00e3o Paulo e atinge 1,07%"},"content":{"rendered":"<p> O <strong><em>\u00cdndice de Pre\u00e7os ao Consumidor<\/em><\/strong> (IPC), medido pela Funda\u00e7\u00e3o Instituto de Pesquisas Econ\u00f4micas (Fipe), na cidade de S\u00e3o Paulo, apresentou alta de 1,07%, na terceira pr\u00e9via de abril. Na apura\u00e7\u00e3o relativa \u00e0 segunda pr\u00e9via, a taxa subiu de 0,68% para 0,88%.<\/p>\n<p>O IPC \u00e9 o mais tradicional indicador da evolu\u00e7\u00e3o do custo de vida das fam\u00edlias paulistanas: come\u00e7ou a ser calculado em janeiro de 1939. Desde 1973, o IPC vem sendo calculado pela Fipe. O levantamento \u00e9 feito sobre o consumo das fam\u00edlias com renda at\u00e9 dez sal\u00e1rios m\u00ednimos.<\/p>\n<p>Cinco dos sete grupos pesquisados tiveram eleva\u00e7\u00e3o de pre\u00e7os, mantendo-se na lideran\u00e7a o grupo habita\u00e7\u00e3o que aumentou de 2,06% para 2,38%. Em alimenta\u00e7\u00e3o, a taxa passou de 0,47% para 0,78%. No grupo transportes, foi constatada alta de 0,14% \u2013 mais do que o dobro do registrado na medi\u00e7\u00e3o passada (0,06%). Em sa\u00fade, a taxa avan\u00e7ou de 0,64% para 1,07% e, em vestu\u00e1rio, de 0,92% para 0,99%.<\/p>\n<p>No grupo despesas pessoais, por\u00e9m, os pre\u00e7os ca\u00edram em m\u00e9dia 0,22% intensificando a queda de 0,04% registrada na \u00faltima apura\u00e7\u00e3o. Em educa\u00e7\u00e3o, o \u00edndice permaneceu est\u00e1vel em 0,11%.<\/p>\n<p>A terceira pr\u00e9via do IPC refere-se \u00e0s oscila\u00e7\u00f5es de pre\u00e7os no per\u00edodo de 24 de mar\u00e7o a 22 de abril, comparadas ao per\u00edodo de 22 de fevereiro a 23 de mar\u00e7o. O resultado do m\u00eas completo ser\u00e1 divulgado no pr\u00f3ximo dia 5 de maio.<\/p>\n<p>Marli Moreira \u2013 Rep\u00f3rter da Ag\u00eancia Brasil<br \/>\nEdi\u00e7\u00e3o: Jos\u00e9 Romildo<\/p>\n","protected":false},"excerpt":{"rendered":"<p>O \u00cdndice de Pre\u00e7os ao Consumidor (IPC), medido pela Funda\u00e7\u00e3o Instituto de Pesquisas Econ\u00f4micas (Fipe), na cidade de S\u00e3o Paulo, apresentou alta de 1,07%, na terceira pr\u00e9via de abril. Na apura\u00e7\u00e3o relativa \u00e0 segunda pr\u00e9via, a taxa subiu de 0,68% para 0,88%. O IPC \u00e9 o mais tradicional indicador da evolu\u00e7\u00e3o do custo de vida [&hellip;]<\/p>\n","protected":false},"author":2,"featured_media":34916,"comment_status":"open","ping_status":"closed","sticky":false,"template":"","format":"standard","meta":{"_genesis_hide_title":false,"_genesis_hide_breadcrumbs":false,"_genesis_hide_singular_image":false,"_genesis_hide_footer_widgets":false,"_genesis_custom_body_class":"","_genesis_custom_post_class":"","_genesis_layout":"","_jetpack_memberships_contains_paid_content":false,"footnotes":""},"categories":[22,7],"tags":[],"class_list":{"0":"post-69628","1":"post","2":"type-post","3":"status-publish","4":"format-standard","5":"has-post-thumbnail","7":"category-brasil","8":"category-economia","9":"entry","10":"gs-1","11":"gs-odd","12":"gs-even","13":"gs-featured-content-entry"},"jetpack_featured_media_url":"https:\/\/www.redenoticia.com.br\/noticia\/imagens\/inflacao.jpg","jetpack_sharing_enabled":true,"jetpack_likes_enabled":true,"_links":{"self":[{"href":"https:\/\/www.redenoticia.com.br\/noticia\/wp-json\/wp\/v2\/posts\/69628","targetHints":{"allow":["GET"]}}],"collection":[{"href":"https:\/\/www.redenoticia.com.br\/noticia\/wp-json\/wp\/v2\/posts"}],"about":[{"href":"https:\/\/www.redenoticia.com.br\/noticia\/wp-json\/wp\/v2\/types\/post"}],"author":[{"embeddable":true,"href":"https:\/\/www.redenoticia.com.br\/noticia\/wp-json\/wp\/v2\/users\/2"}],"replies":[{"embeddable":true,"href":"https:\/\/www.redenoticia.com.br\/noticia\/wp-json\/wp\/v2\/comments?post=69628"}],"version-history":[{"count":0,"href":"https:\/\/www.redenoticia.com.br\/noticia\/wp-json\/wp\/v2\/posts\/69628\/revisions"}],"wp:featuredmedia":[{"embeddable":true,"href":"https:\/\/www.redenoticia.com.br\/noticia\/wp-json\/wp\/v2\/media\/34916"}],"wp:attachment":[{"href":"https:\/\/www.redenoticia.com.br\/noticia\/wp-json\/wp\/v2\/media?parent=69628"}],"wp:term":[{"taxonomy":"category","embeddable":true,"href":"https:\/\/www.redenoticia.com.br\/noticia\/wp-json\/wp\/v2\/categories?post=69628"},{"taxonomy":"post_tag","embeddable":true,"href":"https:\/\/www.redenoticia.com.br\/noticia\/wp-json\/wp\/v2\/tags?post=69628"}],"curies":[{"name":"wp","href":"https:\/\/api.w.org\/{rel}","templated":true}]}}