{"id":69626,"date":"2015-04-28T17:41:28","date_gmt":"2015-04-28T20:41:28","guid":{"rendered":"http:\/\/www.redenoticia.com.br\/noticia\/?p=69626"},"modified":"2015-04-28T17:41:28","modified_gmt":"2015-04-28T20:41:28","slug":"desemprego-fica-em-62-em-marco","status":"publish","type":"post","link":"https:\/\/www.redenoticia.com.br\/noticia\/2015\/desemprego-fica-em-62-em-marco\/69626","title":{"rendered":"Desemprego fica em 6,2% em mar\u00e7o"},"content":{"rendered":"<p> A <strong><em>taxa de desemprego<\/em><\/strong> medida mensalmente pelo Instituto Brasileiro de Geografia e Estat\u00edstica (IBGE) passou de 5,9%, em fevereiro, para 6,2% no m\u00eas de mar\u00e7o, informou o instituto na Pesquisa Mensal de Emprego. Para o IBGE, essa varia\u00e7\u00e3o mostra estabilidade. Em mar\u00e7o do ano passado, a taxa alcan\u00e7ou 5%.<\/p>\n<p>O desemprego registrado em mar\u00e7o de 2015 igualou a taxa de mar\u00e7o de 2012, quando tamb\u00e9m chegou a 6,2%. O percentual \u00e9 o maior registrado em um m\u00eas de mar\u00e7o desde 2011, quando a taxa foi 6,5%.<\/p>\n<p>Segundo a gerente da Pesquisa Nacional de Amostra por Domic\u00edlios, Maria L\u00facia Vieira, que participou da divulga\u00e7\u00e3o da Pesquisa Mensal do Emprego, os primeiros meses do ano costumam apresentar alta da taxa de desocupa\u00e7\u00e3o, que perde for\u00e7a a partir de abril. &#8220;De janeiro at\u00e9 mar\u00e7o, h\u00e1 uma tend\u00eancia de eleva\u00e7\u00e3o da taxa de desocupa\u00e7\u00e3o. \u00c9 a tend\u00eancia de in\u00edcio de ano de todos os anos&#8221;, disse ela, ao acrescentar que h\u00e1 mais gente procurando emprego em mar\u00e7o deste ano que no ano anterior.<\/p>\n<p>Desde dezembro de 2014, o percentual da popula\u00e7\u00e3o ocupada teve queda, partindo de uma redu\u00e7\u00e3o de 0,7% no \u00faltimo m\u00eas do ano passado que se intensificou para -0,9% em janeiro e -1% em fevereiro. Em mar\u00e7o, a queda foi 0,2%, o que, apesar do enfraquecimento, mostra que pessoas que perderam seus empregos podem n\u00e3o estar encontrando novo. &#8220;Isso revela que pessoas est\u00e3o saindo de seus postos de trabalho e nem todas est\u00e3o conseguindo se recolocar&#8221;, destaca a gerente.<\/p>\n<p>De acordo com o IBGE, o rendimento real habitual do trabalhador foi R$ 2.134,60, menor que o registrado em fevereiro de 2015 e mar\u00e7o do ano passado, meses em que foram registradas, respectivamente, rendas de R$ 2.196,76 e de R$ 2.200,85.<\/p>\n<p>Em termos percentuais, o rendimento real habitual em mar\u00e7o caiu 2,8% em rela\u00e7\u00e3o a fevereiro deste ano e 3% na compara\u00e7\u00e3o com mar\u00e7o do ano passado.<\/p>\n<p>As seis regi\u00f5es pesquisadas pelo IBGE na Pesquisa Mensal de Emprego s\u00e3o Recife, que teve desemprego de 8,1%, Salvador (12%), Belo Horizonte (4,7%), Rio de Janeiro (4,8%), S\u00e3o Paulo (6%) e Porto Alegre (5,1%).<\/p>\n<p>O n\u00famero de desocupados nas seis regi\u00f5es aumentou em 280 mil pessoas na compara\u00e7\u00e3o com mar\u00e7o do ano passado e se manteve est\u00e1vel na compara\u00e7\u00e3o com fevereiro. O n\u00edvel de ocupa\u00e7\u00e3o se manteve est\u00e1vel em 52,1% em rela\u00e7\u00e3o a fevereiro deste ano, mas caiu 0,9 ponto percentual em rela\u00e7\u00e3o a mar\u00e7o de 2014.<\/p>\n<p>Vin\u00edcius Lisboa &#8211; Rep\u00f3rter da Ag\u00eancia Brasil<br \/>\nEdi\u00e7\u00e3o: Jos\u00e9 Romildo<\/p>\n","protected":false},"excerpt":{"rendered":"<p>A taxa de desemprego medida mensalmente pelo Instituto Brasileiro de Geografia e Estat\u00edstica (IBGE) passou de 5,9%, em fevereiro, para 6,2% no m\u00eas de mar\u00e7o, informou o instituto na Pesquisa Mensal de Emprego. Para o IBGE, essa varia\u00e7\u00e3o mostra estabilidade. Em mar\u00e7o do ano passado, a taxa alcan\u00e7ou 5%. O desemprego registrado em mar\u00e7o de [&hellip;]<\/p>\n","protected":false},"author":2,"featured_media":40636,"comment_status":"open","ping_status":"closed","sticky":false,"template":"","format":"standard","meta":{"_genesis_hide_title":false,"_genesis_hide_breadcrumbs":false,"_genesis_hide_singular_image":false,"_genesis_hide_footer_widgets":false,"_genesis_custom_body_class":"","_genesis_custom_post_class":"","_genesis_layout":"","_jetpack_memberships_contains_paid_content":false,"footnotes":""},"categories":[22,7],"tags":[],"class_list":{"0":"post-69626","1":"post","2":"type-post","3":"status-publish","4":"format-standard","5":"has-post-thumbnail","7":"category-brasil","8":"category-economia","9":"entry","10":"gs-1","11":"gs-odd","12":"gs-even","13":"gs-featured-content-entry"},"jetpack_featured_media_url":"https:\/\/www.redenoticia.com.br\/noticia\/imagens\/economia-analise.jpg","jetpack_sharing_enabled":true,"jetpack_likes_enabled":true,"_links":{"self":[{"href":"https:\/\/www.redenoticia.com.br\/noticia\/wp-json\/wp\/v2\/posts\/69626","targetHints":{"allow":["GET"]}}],"collection":[{"href":"https:\/\/www.redenoticia.com.br\/noticia\/wp-json\/wp\/v2\/posts"}],"about":[{"href":"https:\/\/www.redenoticia.com.br\/noticia\/wp-json\/wp\/v2\/types\/post"}],"author":[{"embeddable":true,"href":"https:\/\/www.redenoticia.com.br\/noticia\/wp-json\/wp\/v2\/users\/2"}],"replies":[{"embeddable":true,"href":"https:\/\/www.redenoticia.com.br\/noticia\/wp-json\/wp\/v2\/comments?post=69626"}],"version-history":[{"count":0,"href":"https:\/\/www.redenoticia.com.br\/noticia\/wp-json\/wp\/v2\/posts\/69626\/revisions"}],"wp:featuredmedia":[{"embeddable":true,"href":"https:\/\/www.redenoticia.com.br\/noticia\/wp-json\/wp\/v2\/media\/40636"}],"wp:attachment":[{"href":"https:\/\/www.redenoticia.com.br\/noticia\/wp-json\/wp\/v2\/media?parent=69626"}],"wp:term":[{"taxonomy":"category","embeddable":true,"href":"https:\/\/www.redenoticia.com.br\/noticia\/wp-json\/wp\/v2\/categories?post=69626"},{"taxonomy":"post_tag","embeddable":true,"href":"https:\/\/www.redenoticia.com.br\/noticia\/wp-json\/wp\/v2\/tags?post=69626"}],"curies":[{"name":"wp","href":"https:\/\/api.w.org\/{rel}","templated":true}]}}