{"id":69596,"date":"2015-04-27T15:19:55","date_gmt":"2015-04-27T18:19:55","guid":{"rendered":"http:\/\/www.redenoticia.com.br\/noticia\/?p=69596"},"modified":"2015-04-27T15:19:55","modified_gmt":"2015-04-27T18:19:55","slug":"comeca-a-valer-hoje-novo-prazo-para-renovacao-do-fies","status":"publish","type":"post","link":"https:\/\/www.redenoticia.com.br\/noticia\/2015\/comeca-a-valer-hoje-novo-prazo-para-renovacao-do-fies\/69596","title":{"rendered":"Come\u00e7a a valer hoje novo prazo para renova\u00e7\u00e3o do Fies"},"content":{"rendered":"<p><a href=\"https:\/\/www.redenoticia.com.br\/noticia\/imagens\/fies-financiamento-estudantil-inscricao-resultado.jpg\"><img loading=\"lazy\" decoding=\"async\" src=\"https:\/\/www.redenoticia.com.br\/noticia\/imagens\/fies-financiamento-estudantil-inscricao-resultado-250x160.jpg\" alt=\"fies financiamento estudantil inscricao resultado\" width=\"250\" height=\"160\" class=\"alignleft size-medium wp-image-26465\" srcset=\"https:\/\/www.redenoticia.com.br\/noticia\/imagens\/fies-financiamento-estudantil-inscricao-resultado-250x160.jpg 250w, https:\/\/www.redenoticia.com.br\/noticia\/imagens\/fies-financiamento-estudantil-inscricao-resultado-150x96.jpg 150w, https:\/\/www.redenoticia.com.br\/noticia\/imagens\/fies-financiamento-estudantil-inscricao-resultado.jpg 300w\" sizes=\"auto, (max-width: 250px) 100vw, 250px\" \/><\/a>Novo prazo para renova\u00e7\u00e3o <strong><em>Fies<\/em><\/strong>: come\u00e7a o novo prazo para renova\u00e7\u00e3o semestral dos contratos do Fundo de Financiamento Estudantil (Fies). As renova\u00e7\u00f5es que terminariam no dia 30 de abril poder\u00e3o ser feitas at\u00e9 29 de maio. Publicadas no Di\u00e1rio Oficial da Uni\u00e3o desta segunda-feira, as mudan\u00e7as t\u00eam por justificativa dar mais \u201cseguran\u00e7a e tranquilidade\u201d aos estudantes que buscam aditar seus contratos no sistema.<\/p>\n<p>A prorroga\u00e7\u00e3o vale para os aditamentos de renova\u00e7\u00e3o semestral dos contratos de financiamento e para os casos de transfer\u00eancia integral de curso ou institui\u00e7\u00e3o de ensino e de solicita\u00e7\u00e3o de dilata\u00e7\u00e3o do prazo de financiamento \u2013 todos referentes ao primeiro semestre de 2015. Vale tamb\u00e9m para a prorroga\u00e7\u00e3o de prazo de aditamento de suspens\u00e3o tempor\u00e1ria do financiamento referente ao segundo  semestre de 2013 e aos primeiro e segundo semestres de 2014.<\/p>\n<p> Os aditamentos dever\u00e3o ser feitos por meio do Sistema Informatizado do Fies (SisFies), dispon\u00edvel nas p\u00e1ginas eletr\u00f4nicas do Minist\u00e9rio da Educa\u00e7\u00e3o e do Fundo Nacional de Desenvolvimento da Educa\u00e7\u00e3o, nos endere\u00e7os www.mec.gov.br e www.fnde.gov.br.<\/p>\n<p>De acordo com o \u00faltimo balan\u00e7o divulgado pelo MEC, foram firmados 242 mil novos contratos. Quanto \u00e0s renova\u00e7\u00f5es, dos 1,9 milh\u00e3o de contratos, 1,6 milh\u00e3o foram aditados. Falta ainda renovar 296 mil contratos.<\/p>\n<p>A mudan\u00e7a n\u00e3o abrange contratos destinados a novas ades\u00f5es. Para esse caso, fica mantido o prazo de 30 de abril. Em rela\u00e7\u00e3o aos novos contratos, os candidatos devem obter no m\u00ednimo 450 pontos na m\u00e9dia do Exame Nacional do Ensino M\u00e9dio (Enem) e n\u00e3o tirarem nota 0 na reda\u00e7\u00e3o. Quanto aos cursos, est\u00e3o sendo priorizados para os novos contratos os que obtiveram nota 5 \u2013 pontua\u00e7\u00e3o m\u00e1xima dada pelo MEC. <\/p>\n<p>Para os financiamentos de gradua\u00e7\u00f5es com nota 3 e 4, ser\u00e3o considerados alguns aspectos regionais, com prioridade para localidades e cursos historicamente menos atendidos. <\/p>\n<p>O Fies oferece cobertura da mensalidade de cursos em institui\u00e7\u00f5es privadas de ensino superior a juros de 3,4% ao ano. O estudante come\u00e7a a quitar o financiamento 18 meses ap\u00f3s a conclus\u00e3o do curso. O programa acumula 1,9 milh\u00e3o de contratos e abrange mais de 1,6 mil institui\u00e7\u00f5es.<\/p>\n<p>Pedro Peduzzi \u2013 Rep\u00f3rter da Ag\u00eancia Brasil<br \/>\nEdi\u00e7\u00e3o: Val\u00e9ria Aguiar<\/p>\n","protected":false},"excerpt":{"rendered":"<p>Novo prazo para renova\u00e7\u00e3o Fies: come\u00e7a o novo prazo para renova\u00e7\u00e3o semestral dos contratos do Fundo de Financiamento Estudantil (Fies). As renova\u00e7\u00f5es que terminariam no dia 30 de abril poder\u00e3o ser feitas at\u00e9 29 de maio. Publicadas no Di\u00e1rio Oficial da Uni\u00e3o desta segunda-feira, as mudan\u00e7as t\u00eam por justificativa dar mais \u201cseguran\u00e7a e tranquilidade\u201d aos [&hellip;]<\/p>\n","protected":false},"author":2,"featured_media":26465,"comment_status":"open","ping_status":"closed","sticky":false,"template":"","format":"standard","meta":{"_genesis_hide_title":false,"_genesis_hide_breadcrumbs":false,"_genesis_hide_singular_image":false,"_genesis_hide_footer_widgets":false,"_genesis_custom_body_class":"","_genesis_custom_post_class":"","_genesis_layout":"","_jetpack_memberships_contains_paid_content":false,"footnotes":""},"categories":[22],"tags":[],"class_list":{"0":"post-69596","1":"post","2":"type-post","3":"status-publish","4":"format-standard","5":"has-post-thumbnail","7":"category-brasil","8":"entry","9":"gs-1","10":"gs-odd","11":"gs-even","12":"gs-featured-content-entry"},"jetpack_featured_media_url":"https:\/\/www.redenoticia.com.br\/noticia\/imagens\/fies-financiamento-estudantil-inscricao-resultado.jpg","jetpack_sharing_enabled":true,"jetpack_likes_enabled":true,"_links":{"self":[{"href":"https:\/\/www.redenoticia.com.br\/noticia\/wp-json\/wp\/v2\/posts\/69596","targetHints":{"allow":["GET"]}}],"collection":[{"href":"https:\/\/www.redenoticia.com.br\/noticia\/wp-json\/wp\/v2\/posts"}],"about":[{"href":"https:\/\/www.redenoticia.com.br\/noticia\/wp-json\/wp\/v2\/types\/post"}],"author":[{"embeddable":true,"href":"https:\/\/www.redenoticia.com.br\/noticia\/wp-json\/wp\/v2\/users\/2"}],"replies":[{"embeddable":true,"href":"https:\/\/www.redenoticia.com.br\/noticia\/wp-json\/wp\/v2\/comments?post=69596"}],"version-history":[{"count":0,"href":"https:\/\/www.redenoticia.com.br\/noticia\/wp-json\/wp\/v2\/posts\/69596\/revisions"}],"wp:featuredmedia":[{"embeddable":true,"href":"https:\/\/www.redenoticia.com.br\/noticia\/wp-json\/wp\/v2\/media\/26465"}],"wp:attachment":[{"href":"https:\/\/www.redenoticia.com.br\/noticia\/wp-json\/wp\/v2\/media?parent=69596"}],"wp:term":[{"taxonomy":"category","embeddable":true,"href":"https:\/\/www.redenoticia.com.br\/noticia\/wp-json\/wp\/v2\/categories?post=69596"},{"taxonomy":"post_tag","embeddable":true,"href":"https:\/\/www.redenoticia.com.br\/noticia\/wp-json\/wp\/v2\/tags?post=69596"}],"curies":[{"name":"wp","href":"https:\/\/api.w.org\/{rel}","templated":true}]}}