{"id":69592,"date":"2015-04-27T15:13:51","date_gmt":"2015-04-27T18:13:51","guid":{"rendered":"http:\/\/www.redenoticia.com.br\/noticia\/?p=69592"},"modified":"2015-04-27T15:13:51","modified_gmt":"2015-04-27T18:13:51","slug":"divida-publica-federal-sobe-para-r-24-trilhoes-em-marco","status":"publish","type":"post","link":"https:\/\/www.redenoticia.com.br\/noticia\/2015\/divida-publica-federal-sobe-para-r-24-trilhoes-em-marco\/69592","title":{"rendered":"D\u00edvida P\u00fablica Federal sobe para R$ 2,4 trilh\u00f5es em mar\u00e7o"},"content":{"rendered":"<p> A <strong><em>D\u00edvida P\u00fablica Federal<\/em><\/strong> teve eleva\u00e7\u00e3o de 4,79% de fevereiro para mar\u00e7o e passou de R$ 2,329 trilh\u00f5es para R$ 2,441 trilh\u00f5es. Os dados foram divulgados pelo Tesouro Nacional. O endividamento do Tesouro pode ocorrer por meio da emiss\u00e3o de t\u00edtulos p\u00fablicos ou pela assinatura de contratos.<\/p>\n<p>A D\u00edvida P\u00fablica Mobili\u00e1ria Federal interna (DPMFi) cresceu 4,66% e passou de R$ 2,213 trilh\u00f5es para R$ 2,316 trilh\u00f5es. DPMFi \u00e9 a d\u00edvida p\u00fablica federal em circula\u00e7\u00e3o no mercado nacional. Ela \u00e9 paga em reais e captada por meio da emiss\u00e3o de t\u00edtulos p\u00fablicos.<\/p>\n<p> A D\u00edvida P\u00fablica Federal Externa (DPFe) registrou, em mar\u00e7o, eleva\u00e7\u00e3o de 7,27% em compara\u00e7\u00e3o ao resultado do m\u00eas anterior: atingiu R$ 124,72 bilh\u00f5es, equivalentes a US$ 39,25 bilh\u00f5es, dos quais R$ 113,24 bilh\u00f5es (US$ 35,67 bilh\u00f5es) s\u00e3o referentes \u00e0 d\u00edvida mobili\u00e1ria (t\u00edtulos) e R$ 11,48 bilh\u00f5es (US$ 3,58 bilh\u00f5es), \u00e0 d\u00edvida contratual.<\/p>\n<p>DPFe \u00e9 a d\u00edvida p\u00fablica federal existente no mercado internacional paga em outras moedas. De acordo com o Tesouro Nacional, \u201ca eleva\u00e7\u00e3o [da DPFe] foi ocasionada pela desvaloriza\u00e7\u00e3o do real [no per\u00edodo] em compara\u00e7\u00e3o a moedas que comp\u00f5em o estoque da d\u00edvida externa\u201d.<\/p>\n<p>O total de emiss\u00f5es da D\u00edvida P\u00fablica Federal chegou a R$ 147,15 bilh\u00f5es, com oferta p\u00fablica de R$ 142,57 bilh\u00f5es \u2013 recorde hist\u00f3rico na s\u00e9rie iniciada em 1999. A diferen\u00e7a foi para entidades ligadas ao governo como o Banco Nacional de Desenvolvimento Econ\u00f4mico e Social (BNDES), por exemplo. Segundo o coordenador-geral de Opera\u00e7\u00f5es da D\u00edvida P\u00fablica do Tesouro Nacional, Fernando Eurico de Paiva Garrido, houve crescimento expressivo no vencimento de t\u00edtulos e recomposic\u00e3o da d\u00edvida em mercados.<\/p>\n<p>A D\u00edvida P\u00fablica Federal, segundo o Tesouro Nacional, dever\u00e1 encerrar o ano entre R$ 2,45 trilh\u00f5es e R$ 2,6 trilh\u00f5es.<\/p>\n<p>Daniel Lima &#8211; Rep\u00f3rter da Ag\u00eancia Brasil<br \/>\nEdi\u00e7\u00e3o: Marcos Chagas<\/p>\n","protected":false},"excerpt":{"rendered":"<p>A D\u00edvida P\u00fablica Federal teve eleva\u00e7\u00e3o de 4,79% de fevereiro para mar\u00e7o e passou de R$ 2,329 trilh\u00f5es para R$ 2,441 trilh\u00f5es. Os dados foram divulgados pelo Tesouro Nacional. O endividamento do Tesouro pode ocorrer por meio da emiss\u00e3o de t\u00edtulos p\u00fablicos ou pela assinatura de contratos. A D\u00edvida P\u00fablica Mobili\u00e1ria Federal interna (DPMFi) cresceu [&hellip;]<\/p>\n","protected":false},"author":2,"featured_media":57584,"comment_status":"open","ping_status":"closed","sticky":false,"template":"","format":"standard","meta":{"_genesis_hide_title":false,"_genesis_hide_breadcrumbs":false,"_genesis_hide_singular_image":false,"_genesis_hide_footer_widgets":false,"_genesis_custom_body_class":"","_genesis_custom_post_class":"","_genesis_layout":"","_jetpack_memberships_contains_paid_content":false,"footnotes":""},"categories":[22,7],"tags":[],"class_list":{"0":"post-69592","1":"post","2":"type-post","3":"status-publish","4":"format-standard","5":"has-post-thumbnail","7":"category-brasil","8":"category-economia","9":"entry","10":"gs-1","11":"gs-odd","12":"gs-even","13":"gs-featured-content-entry"},"jetpack_featured_media_url":"https:\/\/www.redenoticia.com.br\/noticia\/imagens\/economia-grafica-analise-inflacao.jpg","jetpack_sharing_enabled":true,"jetpack_likes_enabled":true,"_links":{"self":[{"href":"https:\/\/www.redenoticia.com.br\/noticia\/wp-json\/wp\/v2\/posts\/69592","targetHints":{"allow":["GET"]}}],"collection":[{"href":"https:\/\/www.redenoticia.com.br\/noticia\/wp-json\/wp\/v2\/posts"}],"about":[{"href":"https:\/\/www.redenoticia.com.br\/noticia\/wp-json\/wp\/v2\/types\/post"}],"author":[{"embeddable":true,"href":"https:\/\/www.redenoticia.com.br\/noticia\/wp-json\/wp\/v2\/users\/2"}],"replies":[{"embeddable":true,"href":"https:\/\/www.redenoticia.com.br\/noticia\/wp-json\/wp\/v2\/comments?post=69592"}],"version-history":[{"count":0,"href":"https:\/\/www.redenoticia.com.br\/noticia\/wp-json\/wp\/v2\/posts\/69592\/revisions"}],"wp:featuredmedia":[{"embeddable":true,"href":"https:\/\/www.redenoticia.com.br\/noticia\/wp-json\/wp\/v2\/media\/57584"}],"wp:attachment":[{"href":"https:\/\/www.redenoticia.com.br\/noticia\/wp-json\/wp\/v2\/media?parent=69592"}],"wp:term":[{"taxonomy":"category","embeddable":true,"href":"https:\/\/www.redenoticia.com.br\/noticia\/wp-json\/wp\/v2\/categories?post=69592"},{"taxonomy":"post_tag","embeddable":true,"href":"https:\/\/www.redenoticia.com.br\/noticia\/wp-json\/wp\/v2\/tags?post=69592"}],"curies":[{"name":"wp","href":"https:\/\/api.w.org\/{rel}","templated":true}]}}