{"id":69590,"date":"2015-04-27T15:12:06","date_gmt":"2015-04-27T18:12:06","guid":{"rendered":"http:\/\/www.redenoticia.com.br\/noticia\/?p=69590"},"modified":"2015-04-27T15:12:06","modified_gmt":"2015-04-27T18:12:06","slug":"alta-de-precos-de-materiais-faz-indice-de-custo-da-construcao-subir-065","status":"publish","type":"post","link":"https:\/\/www.redenoticia.com.br\/noticia\/2015\/alta-de-precos-de-materiais-faz-indice-de-custo-da-construcao-subir-065\/69590","title":{"rendered":"Alta de pre\u00e7os de materiais faz \u00edndice de custo da constru\u00e7\u00e3o subir 0,65%"},"content":{"rendered":"<p> O <strong><em>\u00cdndice Nacional de Custo da Constru\u00e7\u00e3o do Mercado<\/em><\/strong> (INCC-M) apresentou alta de 0,65% em abril, ultrapassando em quase duas vezes a varia\u00e7\u00e3o registrada no m\u00eas anterior (0,36%). Nos \u00faltimos 12 meses, o \u00edndice subiu 6,94% e desde o come\u00e7o do ano, 2,23%.<\/p>\n<p>Construir em abril ficou mais caro, principalmente, por causa dos pre\u00e7os dos materiais, equipamentos e servi\u00e7os, com eleva\u00e7\u00e3o m\u00e9dia de 0,95%, mais do que o dobro do \u00edndice de mar\u00e7o (0,41%). A pesquisa feita pelo Instituto Brasileiro de Economia da Funda\u00e7\u00e3o Getulio Vargas (Ibre\/FGV) refere-se aos pre\u00e7os coletados entre os dias 21 de mar\u00e7o e 20 de abril.<\/p>\n<p>Em rela\u00e7\u00e3o \u00e0 m\u00e3o de obra, o \u00edndice passou de 0,31% para 0,38% sob influ\u00eancia, principalmente, do reajuste salarial em Salvador, onde o \u00edndice saltou de 1,82% para 2,68%. Al\u00e9m da capital baiana, ocorreram avan\u00e7os do custo da constru\u00e7\u00e3o em Belo Horizonte (de 0,25% para 0,46%), Rio de Janeiro (de 0,16% para 0,34%) e S\u00e3o Paulo (de 0,06% para 0,50%).<\/p>\n<p>Nas tr\u00eas capitais restantes, diminuiu a intensidade de alta: Bras\u00edlia (de 0,40% para 0,29%), Recife (de 0,33% para 0,28%) e Porto Alegre (de 0,54% para 0,52%).<\/p>\n<p>Os itens que mais influenciaram a alta foram cimento comum (4,06%), ajudante especializado (0,35%), condutores el\u00e9tricos (5,07%), elevador (1,07%) e tubos e conex\u00f5es de ferro e a\u00e7o (1,96%). Os itens que evitaram que o avan\u00e7o fosse maior foram materiais el\u00e9tricos (-0,49%), taxas de servi\u00e7o e licenciamentos, que ficaram est\u00e1veis; vale transporte (0,04%); placas cer\u00e2mica para revestimento (0,06%) e massa corrida para madeira (0,71%).<\/p>\n<p>Marli Moreira \u2013 Rep\u00f3rter da Ag\u00eancia Brasil<br \/>\nEdi\u00e7\u00e3o: Denise Griesinger<\/p>\n","protected":false},"excerpt":{"rendered":"<p>O \u00cdndice Nacional de Custo da Constru\u00e7\u00e3o do Mercado (INCC-M) apresentou alta de 0,65% em abril, ultrapassando em quase duas vezes a varia\u00e7\u00e3o registrada no m\u00eas anterior (0,36%). Nos \u00faltimos 12 meses, o \u00edndice subiu 6,94% e desde o come\u00e7o do ano, 2,23%. Construir em abril ficou mais caro, principalmente, por causa dos pre\u00e7os dos [&hellip;]<\/p>\n","protected":false},"author":2,"featured_media":57585,"comment_status":"open","ping_status":"closed","sticky":false,"template":"","format":"standard","meta":{"_genesis_hide_title":false,"_genesis_hide_breadcrumbs":false,"_genesis_hide_singular_image":false,"_genesis_hide_footer_widgets":false,"_genesis_custom_body_class":"","_genesis_custom_post_class":"","_genesis_layout":"","_jetpack_memberships_contains_paid_content":false,"footnotes":""},"categories":[22,7],"tags":[],"class_list":{"0":"post-69590","1":"post","2":"type-post","3":"status-publish","4":"format-standard","5":"has-post-thumbnail","7":"category-brasil","8":"category-economia","9":"entry","10":"gs-1","11":"gs-odd","12":"gs-even","13":"gs-featured-content-entry"},"jetpack_featured_media_url":"https:\/\/www.redenoticia.com.br\/noticia\/imagens\/analise-economia.jpg","jetpack_sharing_enabled":true,"jetpack_likes_enabled":true,"_links":{"self":[{"href":"https:\/\/www.redenoticia.com.br\/noticia\/wp-json\/wp\/v2\/posts\/69590","targetHints":{"allow":["GET"]}}],"collection":[{"href":"https:\/\/www.redenoticia.com.br\/noticia\/wp-json\/wp\/v2\/posts"}],"about":[{"href":"https:\/\/www.redenoticia.com.br\/noticia\/wp-json\/wp\/v2\/types\/post"}],"author":[{"embeddable":true,"href":"https:\/\/www.redenoticia.com.br\/noticia\/wp-json\/wp\/v2\/users\/2"}],"replies":[{"embeddable":true,"href":"https:\/\/www.redenoticia.com.br\/noticia\/wp-json\/wp\/v2\/comments?post=69590"}],"version-history":[{"count":0,"href":"https:\/\/www.redenoticia.com.br\/noticia\/wp-json\/wp\/v2\/posts\/69590\/revisions"}],"wp:featuredmedia":[{"embeddable":true,"href":"https:\/\/www.redenoticia.com.br\/noticia\/wp-json\/wp\/v2\/media\/57585"}],"wp:attachment":[{"href":"https:\/\/www.redenoticia.com.br\/noticia\/wp-json\/wp\/v2\/media?parent=69590"}],"wp:term":[{"taxonomy":"category","embeddable":true,"href":"https:\/\/www.redenoticia.com.br\/noticia\/wp-json\/wp\/v2\/categories?post=69590"},{"taxonomy":"post_tag","embeddable":true,"href":"https:\/\/www.redenoticia.com.br\/noticia\/wp-json\/wp\/v2\/tags?post=69590"}],"curies":[{"name":"wp","href":"https:\/\/api.w.org\/{rel}","templated":true}]}}