{"id":69498,"date":"2015-04-24T17:21:13","date_gmt":"2015-04-24T20:21:13","guid":{"rendered":"http:\/\/www.redenoticia.com.br\/noticia\/?p=69498"},"modified":"2015-04-24T17:21:26","modified_gmt":"2015-04-24T20:21:26","slug":"juros-para-pessoa-fisica-voltam-a-ser-recorde-em-marco","status":"publish","type":"post","link":"https:\/\/www.redenoticia.com.br\/noticia\/2015\/juros-para-pessoa-fisica-voltam-a-ser-recorde-em-marco\/69498","title":{"rendered":"Juros para pessoa f\u00edsica voltam a ser recorde em mar\u00e7o"},"content":{"rendered":"<p> Os <strong><em>juros para pessoas f\u00edsicas<\/em><\/strong> continuaram em patamar elevado em mar\u00e7o. De acordo com dados divulgados pelo Banco Central (BC), a taxa m\u00e9dia de juros com recursos livres &#8211; que podem ser aplicados livremente pelos bancos &#8211; ficou em 54,4% ao ano. O n\u00famero superou a taxa de 54,3% ao ano de fevereiro, at\u00e9 ent\u00e3o a maior da s\u00e9rie hist\u00f3rica do BC, iniciada em mar\u00e7o de 2011.<\/p>\n<p>Boa parte do aumento dos juros deveu-se ao cheque especial, cuja taxa m\u00e9dia anual chegou a 220% ao ano em mar\u00e7o. O valor \u00e9 o maior em 19 anos. Anteriormente, a maior taxa havia sido a de mar\u00e7o de 1996, de 217,71% ao ano. A s\u00e9rie hist\u00f3rica do BC para juros do cheque especial come\u00e7a em 1994.<\/p>\n<p>Os juros do cart\u00e3o de cr\u00e9dito tamb\u00e9m contribu\u00edram para o resultado. A taxa global ficou em 79,1% ao ano no m\u00eas passado, a maior desde setembro de 2012. A an\u00e1lise engloba os juros para aquisi\u00e7\u00f5es parceladas e para o cr\u00e9dito rotativo. A taxa para compras parceladas, de 111,5% ao ano, caiu 0,6 ponto percentual em rela\u00e7\u00e3o a fevereiro. No entanto, os juros para o cr\u00e9dito rotativo no cart\u00e3o atingiram 345,8% ao ano, o maior valor desde o in\u00edcio da s\u00e9rie hist\u00f3rica do BC, em mar\u00e7o de 2011.<\/p>\n<p>A inadimpl\u00eancia com recursos livres para pessoas f\u00edsicas e jur\u00eddicas ficou em 4,4% em mar\u00e7o, est\u00e1vel tanto em rela\u00e7\u00e3o a fevereiro quanto na compara\u00e7\u00e3o com o mesmo m\u00eas do ano passado.<\/p>\n<p>Mariana Branco &#8211; Rep\u00f3rter da Ag\u00eancia Brasil<br \/>\nEdi\u00e7\u00e3o: Jos\u00e9 Romildo<\/p>\n","protected":false},"excerpt":{"rendered":"<p>Os juros para pessoas f\u00edsicas continuaram em patamar elevado em mar\u00e7o. De acordo com dados divulgados pelo Banco Central (BC), a taxa m\u00e9dia de juros com recursos livres &#8211; que podem ser aplicados livremente pelos bancos &#8211; ficou em 54,4% ao ano. O n\u00famero superou a taxa de 54,3% ao ano de fevereiro, at\u00e9 ent\u00e3o [&hellip;]<\/p>\n","protected":false},"author":2,"featured_media":57583,"comment_status":"open","ping_status":"closed","sticky":false,"template":"","format":"standard","meta":{"_genesis_hide_title":false,"_genesis_hide_breadcrumbs":false,"_genesis_hide_singular_image":false,"_genesis_hide_footer_widgets":false,"_genesis_custom_body_class":"","_genesis_custom_post_class":"","_genesis_layout":"","_jetpack_memberships_contains_paid_content":false,"footnotes":""},"categories":[22,7],"tags":[],"class_list":{"0":"post-69498","1":"post","2":"type-post","3":"status-publish","4":"format-standard","5":"has-post-thumbnail","7":"category-brasil","8":"category-economia","9":"entry","10":"gs-1","11":"gs-odd","12":"gs-even","13":"gs-featured-content-entry"},"jetpack_featured_media_url":"https:\/\/www.redenoticia.com.br\/noticia\/imagens\/economia-grafico.jpg","jetpack_sharing_enabled":true,"jetpack_likes_enabled":true,"_links":{"self":[{"href":"https:\/\/www.redenoticia.com.br\/noticia\/wp-json\/wp\/v2\/posts\/69498","targetHints":{"allow":["GET"]}}],"collection":[{"href":"https:\/\/www.redenoticia.com.br\/noticia\/wp-json\/wp\/v2\/posts"}],"about":[{"href":"https:\/\/www.redenoticia.com.br\/noticia\/wp-json\/wp\/v2\/types\/post"}],"author":[{"embeddable":true,"href":"https:\/\/www.redenoticia.com.br\/noticia\/wp-json\/wp\/v2\/users\/2"}],"replies":[{"embeddable":true,"href":"https:\/\/www.redenoticia.com.br\/noticia\/wp-json\/wp\/v2\/comments?post=69498"}],"version-history":[{"count":0,"href":"https:\/\/www.redenoticia.com.br\/noticia\/wp-json\/wp\/v2\/posts\/69498\/revisions"}],"wp:featuredmedia":[{"embeddable":true,"href":"https:\/\/www.redenoticia.com.br\/noticia\/wp-json\/wp\/v2\/media\/57583"}],"wp:attachment":[{"href":"https:\/\/www.redenoticia.com.br\/noticia\/wp-json\/wp\/v2\/media?parent=69498"}],"wp:term":[{"taxonomy":"category","embeddable":true,"href":"https:\/\/www.redenoticia.com.br\/noticia\/wp-json\/wp\/v2\/categories?post=69498"},{"taxonomy":"post_tag","embeddable":true,"href":"https:\/\/www.redenoticia.com.br\/noticia\/wp-json\/wp\/v2\/tags?post=69498"}],"curies":[{"name":"wp","href":"https:\/\/api.w.org\/{rel}","templated":true}]}}