{"id":69496,"date":"2015-04-24T17:08:19","date_gmt":"2015-04-24T20:08:19","guid":{"rendered":"http:\/\/www.redenoticia.com.br\/noticia\/?p=69496"},"modified":"2015-04-24T17:08:19","modified_gmt":"2015-04-24T20:08:19","slug":"operacoes-de-credito-crescem-12-em-marco-informa-bc","status":"publish","type":"post","link":"https:\/\/www.redenoticia.com.br\/noticia\/2015\/operacoes-de-credito-crescem-12-em-marco-informa-bc\/69496","title":{"rendered":"Opera\u00e7\u00f5es de cr\u00e9dito crescem 1,2% em mar\u00e7o, informa BC"},"content":{"rendered":"<p> As <strong><em>opera\u00e7\u00f5es de cr\u00e9dito<\/em><\/strong> do sistema financeiro somaram R$ 3,060 trilh\u00f5es em mar\u00e7o, com alta de 1,2% no m\u00eas e alta de 11,2% em doze meses. O montante representou 54,8% do Produto Interno Bruto (PIB, soma dos bens e servi\u00e7os produzidos em um pa\u00eds). O volume correspondia a 52,2% em mar\u00e7o de 2014. As informa\u00e7\u00f5es foram divulgadas pelo Banco Central (BC).<\/p>\n<p>Do montante das opera\u00e7\u00f5es de cr\u00e9dito, R$ 1,621 trilh\u00e3o s\u00e3o de pessoas jur\u00eddicas e R$ 1,438 trilh\u00e3o de pessoas f\u00edsicas. O saldo de opera\u00e7\u00f5es envolvendo pessoas jur\u00eddicas cresceu 1,6% em compara\u00e7\u00e3o a fevereiro e 10% em doze meses. No caso de pessoas f\u00edsicas, houve alta mensal de 0,8%, e a anual de 12,6%.<\/p>\n<p>O cr\u00e9dito com recursos livres, em que os bancos t\u00eam autonomia para aplicar o dinheiro captado, somou R$ 1,578 trilh\u00e3o. Houve alta de 0,8% em compara\u00e7\u00e3o a fevereiro e de 5,2% em doze meses.<\/p>\n<p>O cr\u00e9dito com recursos direcionados, em que os empr\u00e9stimos devem seguir regras definidas pelo governo, alcan\u00e7ou saldo de R$ 1,481 trilh\u00e3o, registrando alta de 1,6% no m\u00eas e de 18,4% em doze meses.<\/p>\n<p>Mariana Branco &#8211; Rep\u00f3rter da Ag\u00eancia Brasil<br \/>\nEdi\u00e7\u00e3o: Jos\u00e9 Romildo<\/p>\n","protected":false},"excerpt":{"rendered":"<p>As opera\u00e7\u00f5es de cr\u00e9dito do sistema financeiro somaram R$ 3,060 trilh\u00f5es em mar\u00e7o, com alta de 1,2% no m\u00eas e alta de 11,2% em doze meses. O montante representou 54,8% do Produto Interno Bruto (PIB, soma dos bens e servi\u00e7os produzidos em um pa\u00eds). O volume correspondia a 52,2% em mar\u00e7o de 2014. As informa\u00e7\u00f5es [&hellip;]<\/p>\n","protected":false},"author":2,"featured_media":57585,"comment_status":"open","ping_status":"closed","sticky":false,"template":"","format":"standard","meta":{"_genesis_hide_title":false,"_genesis_hide_breadcrumbs":false,"_genesis_hide_singular_image":false,"_genesis_hide_footer_widgets":false,"_genesis_custom_body_class":"","_genesis_custom_post_class":"","_genesis_layout":"","_jetpack_memberships_contains_paid_content":false,"footnotes":""},"categories":[22,7],"tags":[],"class_list":{"0":"post-69496","1":"post","2":"type-post","3":"status-publish","4":"format-standard","5":"has-post-thumbnail","7":"category-brasil","8":"category-economia","9":"entry","10":"gs-1","11":"gs-odd","12":"gs-even","13":"gs-featured-content-entry"},"jetpack_featured_media_url":"https:\/\/www.redenoticia.com.br\/noticia\/imagens\/analise-economia.jpg","jetpack_sharing_enabled":true,"jetpack_likes_enabled":true,"_links":{"self":[{"href":"https:\/\/www.redenoticia.com.br\/noticia\/wp-json\/wp\/v2\/posts\/69496","targetHints":{"allow":["GET"]}}],"collection":[{"href":"https:\/\/www.redenoticia.com.br\/noticia\/wp-json\/wp\/v2\/posts"}],"about":[{"href":"https:\/\/www.redenoticia.com.br\/noticia\/wp-json\/wp\/v2\/types\/post"}],"author":[{"embeddable":true,"href":"https:\/\/www.redenoticia.com.br\/noticia\/wp-json\/wp\/v2\/users\/2"}],"replies":[{"embeddable":true,"href":"https:\/\/www.redenoticia.com.br\/noticia\/wp-json\/wp\/v2\/comments?post=69496"}],"version-history":[{"count":0,"href":"https:\/\/www.redenoticia.com.br\/noticia\/wp-json\/wp\/v2\/posts\/69496\/revisions"}],"wp:featuredmedia":[{"embeddable":true,"href":"https:\/\/www.redenoticia.com.br\/noticia\/wp-json\/wp\/v2\/media\/57585"}],"wp:attachment":[{"href":"https:\/\/www.redenoticia.com.br\/noticia\/wp-json\/wp\/v2\/media?parent=69496"}],"wp:term":[{"taxonomy":"category","embeddable":true,"href":"https:\/\/www.redenoticia.com.br\/noticia\/wp-json\/wp\/v2\/categories?post=69496"},{"taxonomy":"post_tag","embeddable":true,"href":"https:\/\/www.redenoticia.com.br\/noticia\/wp-json\/wp\/v2\/tags?post=69496"}],"curies":[{"name":"wp","href":"https:\/\/api.w.org\/{rel}","templated":true}]}}