{"id":69468,"date":"2015-04-23T19:05:29","date_gmt":"2015-04-23T22:05:29","guid":{"rendered":"http:\/\/www.redenoticia.com.br\/noticia\/?p=69468"},"modified":"2015-04-23T19:05:29","modified_gmt":"2015-04-23T22:05:29","slug":"feriados-em-dias-uteis-geram-prejuizos-de-r-927-bilhoes-ao-comercio-em-2015","status":"publish","type":"post","link":"https:\/\/www.redenoticia.com.br\/noticia\/2015\/feriados-em-dias-uteis-geram-prejuizos-de-r-927-bilhoes-ao-comercio-em-2015\/69468","title":{"rendered":"Feriados em dias \u00fateis geram preju\u00edzos de R$ 92,7 bilh\u00f5es ao com\u00e9rcio em 2015"},"content":{"rendered":"<p> Pesquisa divulgada pela Federa\u00e7\u00e3o do Com\u00e9rcio de Bens, Servi\u00e7os e Turismo do Estado do Rio de Janeiro (Fecom\u00e9rcio-RJ) revela que os 11 <strong><em>feriados nacionais<\/em><\/strong> em dias \u00fateis provocar\u00e3o no setor, em todo o pa\u00eds, preju\u00edzo m\u00e9dio de R$ 92,7 bilh\u00f5es este ano. Em rela\u00e7\u00e3o ao ano passado, a perda \u00e9 superior em 11,4%.<\/p>\n<p>No caso do Rio de Janeiro, esta semana com um feriado nacional e outro estadual (21 e 23, respectivamente), o faturamento n\u00e3o realizado atingir\u00e1 quase R$ 2,1 bilh\u00f5es, segundo o gerente de Economia da Fecom\u00e9rcio-RJ, Christian Travassos.<\/p>\n<p>\u201cS\u00e3o lojas fechadas e centros comerciais paralisados. Isso n\u00e3o ocorre todos os dias, mas h\u00e1 um menor movimento, por causa dos feriados, enforcamentos, \u201cpontes\u201d efetuadas por empresas ou planejamento do consumidor, que muda sua rotina em uma semana at\u00edpica, como a que estamos vivendo agora\u201d, disse o economista.<\/p>\n<p> No estado do Rio de Janeiro, o preju\u00edzo com os 14 feriados nacionais e estaduais em dias \u00fateis alcan\u00e7ar\u00e1 R$ 14,6 bilh\u00f5es, com aumento de 5,1% em compara\u00e7\u00e3o ao ano passado. Por dia fechado, a estimativa de perda do com\u00e9rcio fluminense chega a R$ 1,04 bilh\u00e3o. De acordo com a Fecom\u00e9rcio-RJ, em 2014, o preju\u00edzo do setor com 12 feriados nacionais e estaduais somou R$ 11,92 bilh\u00f5es.<\/p>\n<p>Para Travassos, em cidades com forte apelo tur\u00edstico, como Arma\u00e7\u00e3o dos B\u00fazios, na Regi\u00e3o dos Lagos, Paraty, na Costa Verde, e Rio de Janeiro, o feriado \u00e9 positivo para boa parte dos hot\u00e9is, bares e restaurantes. Segundo o economista, essas regi\u00f5es t\u00eam estabelecimentos mais ligados ao dia a dia da popula\u00e7\u00e3o e tamb\u00e9m podem ser afetados pela redu\u00e7\u00e3o do movimento do com\u00e9rcio.<\/p>\n<p>\u00c9 o caso de farm\u00e1cias e restaurantes que tenham conv\u00eanio com empresas. \u201cSe a empresa n\u00e3o funciona em feriados, ela tem um baque grande no faturamento. Para funcionar, h\u00e1 um custo extra de pagamento aos funcion\u00e1rios. Ent\u00e3o, al\u00e9m do movimento mais fraco, a maioria dos estabelecimentos tem um custo maior na folha por causa do feriado.\u201d<\/p>\n<p>Para Travassos, a discuss\u00e3o \u00e9 importante, porque o pa\u00eds vive atualmente um quadro de economia hesitante, com muitos segmentos com recuo de vendas na compara\u00e7\u00e3o interanual. \u201cIsso n\u00e3o joga a favor. \u00c9 um cen\u00e1rio que precisa ser colocado \u00e0 mesa, porque ainda teremos, na agenda fluminense, eventos como Rock in Rio e Olimp\u00edadas. A rotina de feriados, pontos facultativos e &#8216;pontes&#8217; n\u00e3o nos favorece.\u201d De acordo com Travassos, no momento em que o consumidor est\u00e1 mais seletivo, \u00e9 preciso oxigenar a ponta da presta\u00e7\u00e3o de servi\u00e7o e o com\u00e9rcio de bens.<\/p>\n<p>A base da estimativa dos economistas da Fecom\u00e9rcio-RJ para os preju\u00edzos do com\u00e9rcio nos feriados \u00e9 a arrecada\u00e7\u00e3o dos impostos sobre Circula\u00e7\u00e3o de Mercadorias e Servi\u00e7os (ICMS) e Sobre Servi\u00e7os (ISS), que incidem sobre a atividade. Eles projetam os n\u00fameros considerando as al\u00edquotas m\u00e9dias. <\/p>\n<p>Alana Gandra &#8211; Rep\u00f3rter da Ag\u00eancia Brasil<br \/>\nEdi\u00e7\u00e3o: Armando Cardoso<\/p>\n","protected":false},"excerpt":{"rendered":"<p>Pesquisa divulgada pela Federa\u00e7\u00e3o do Com\u00e9rcio de Bens, Servi\u00e7os e Turismo do Estado do Rio de Janeiro (Fecom\u00e9rcio-RJ) revela que os 11 feriados nacionais em dias \u00fateis provocar\u00e3o no setor, em todo o pa\u00eds, preju\u00edzo m\u00e9dio de R$ 92,7 bilh\u00f5es este ano. Em rela\u00e7\u00e3o ao ano passado, a perda \u00e9 superior em 11,4%. No caso [&hellip;]<\/p>\n","protected":false},"author":2,"featured_media":57583,"comment_status":"open","ping_status":"closed","sticky":false,"template":"","format":"standard","meta":{"_genesis_hide_title":false,"_genesis_hide_breadcrumbs":false,"_genesis_hide_singular_image":false,"_genesis_hide_footer_widgets":false,"_genesis_custom_body_class":"","_genesis_custom_post_class":"","_genesis_layout":"","_jetpack_memberships_contains_paid_content":false,"footnotes":""},"categories":[22,7],"tags":[],"class_list":{"0":"post-69468","1":"post","2":"type-post","3":"status-publish","4":"format-standard","5":"has-post-thumbnail","7":"category-brasil","8":"category-economia","9":"entry","10":"gs-1","11":"gs-odd","12":"gs-even","13":"gs-featured-content-entry"},"jetpack_featured_media_url":"https:\/\/www.redenoticia.com.br\/noticia\/imagens\/economia-grafico.jpg","jetpack_sharing_enabled":true,"jetpack_likes_enabled":true,"_links":{"self":[{"href":"https:\/\/www.redenoticia.com.br\/noticia\/wp-json\/wp\/v2\/posts\/69468","targetHints":{"allow":["GET"]}}],"collection":[{"href":"https:\/\/www.redenoticia.com.br\/noticia\/wp-json\/wp\/v2\/posts"}],"about":[{"href":"https:\/\/www.redenoticia.com.br\/noticia\/wp-json\/wp\/v2\/types\/post"}],"author":[{"embeddable":true,"href":"https:\/\/www.redenoticia.com.br\/noticia\/wp-json\/wp\/v2\/users\/2"}],"replies":[{"embeddable":true,"href":"https:\/\/www.redenoticia.com.br\/noticia\/wp-json\/wp\/v2\/comments?post=69468"}],"version-history":[{"count":0,"href":"https:\/\/www.redenoticia.com.br\/noticia\/wp-json\/wp\/v2\/posts\/69468\/revisions"}],"wp:featuredmedia":[{"embeddable":true,"href":"https:\/\/www.redenoticia.com.br\/noticia\/wp-json\/wp\/v2\/media\/57583"}],"wp:attachment":[{"href":"https:\/\/www.redenoticia.com.br\/noticia\/wp-json\/wp\/v2\/media?parent=69468"}],"wp:term":[{"taxonomy":"category","embeddable":true,"href":"https:\/\/www.redenoticia.com.br\/noticia\/wp-json\/wp\/v2\/categories?post=69468"},{"taxonomy":"post_tag","embeddable":true,"href":"https:\/\/www.redenoticia.com.br\/noticia\/wp-json\/wp\/v2\/tags?post=69468"}],"curies":[{"name":"wp","href":"https:\/\/api.w.org\/{rel}","templated":true}]}}