{"id":69466,"date":"2015-04-23T19:11:37","date_gmt":"2015-04-23T22:11:37","guid":{"rendered":"http:\/\/www.redenoticia.com.br\/noticia\/?p=69466"},"modified":"2015-04-23T19:12:00","modified_gmt":"2015-04-23T22:12:00","slug":"pesquisa-revela-que-66-dos-brasileiros-estao-pessimistas-com-a-situacao-do-pais","status":"publish","type":"post","link":"https:\/\/www.redenoticia.com.br\/noticia\/2015\/pesquisa-revela-que-66-dos-brasileiros-estao-pessimistas-com-a-situacao-do-pais\/69466","title":{"rendered":"Pesquisa revela que 66% dos brasileiros est\u00e3o pessimistas com a situa\u00e7\u00e3o do pa\u00eds"},"content":{"rendered":"<p> O brasileiro est\u00e1 pessimista quanto \u00e0 <strong><em>economia<\/em><\/strong> do pa\u00eds e pretende conter gastos em 2015, segundo pesquisa promovida pela Associa\u00e7\u00e3o Nacional das Institui\u00e7\u00f5es de Cr\u00e9dito, Financiamento e Investimento (Acrefi) e pela empresa TNS Brasil, em que 66% dos entrevistados avaliam como \u201cruim\u201d ou \u201cp\u00e9ssima\u201d a situa\u00e7\u00e3o do Brasil, enquanto no ano passado 37% dos entrevistados tiveram a mesma avalia\u00e7\u00e3o.<\/p>\n<p>Ao mesmo tempo, 64% acham que o crescimento do pa\u00eds vai piorar, contra 13% que acreditam em melhora. Em 2014, esses n\u00fameros eram 31% e 38%, respectivamente. A Acrefi e a TNS Brasil, empresa especializada em pesquisa de mercado, ouviram 1001 pessoas, de todas as regi\u00f5es do Brasil. As entrevistas foram realizadas em dois per\u00edodos: o primeiro, no dia 24 de outubro de 2014 e o segundo entre os dias 24 de mar\u00e7o e 2 de abril de 2015.<\/p>\n<p>Entre os entrevistados, 85% disseram que pretendem economizar mais, enquanto 13% informaram que n\u00e3o mudar\u00e3o o padr\u00e3o de gastos e 2% disseram que devem gastar mais em 2015. As inten\u00e7\u00f5es de realizar um financiamento este ano tamb\u00e9m diminu\u00edram em rela\u00e7\u00e3o ao ano passado. Em 2014, 61% dos entrevistados n\u00e3o estavam propensos a contratar um financiamento. Esse n\u00famero, em 2015, chegou a 76%, registrando um aumento de 15%. Al\u00e9m disso, 81% dos entrevistados acreditam que o desemprego vai aumentar nos pr\u00f3ximos meses.<\/p>\n<p>Na vis\u00e3o do presidente da Acrefi, \u00c9rico Ferreira a pesquisa revela ainda que a popula\u00e7\u00e3o divide a responsabilidade da crise entre o governo federal e o Congresso Nacional. S\u00e3o 61% que acreditam na responsabilidade do Congresso e 73% na responsabilidade do governo.<\/p>\n<p>O presidente da Acrefi, \u00c9rico Ferreira acredita na recupera\u00e7\u00e3o da economia com as medidas do governo. \u201cAcredito que essa recess\u00e3o ser\u00e1 relativamente curta, ao contr\u00e1rio de algumas na Europa, que duram anos. Essa \u00e9 uma recess\u00e3o de ajuste, e esperamos ter uma retomada o mais breve poss\u00edvel. O governo est\u00e1 tomando medidas, vamos crer que essa situa\u00e7\u00e3o vai melhorar\u201d.<\/p>\n<p>Nicola Tingas, economista-chefe da Acrefi, segue o mesmo racioc\u00ednio. Para ele, a desconfian\u00e7a da popula\u00e7\u00e3o vai diminuir ao longo do ano. \u201cEstamos num ciclo de ajuste da economia. Existe um momento de incerteza e esperamos que se estabilize, mas hoje a inseguran\u00e7a \u00e9 muito maior do que ser\u00e1 em julho, agosto. \u00c9 normal no ciclo econ\u00f4mico\u201d.<\/p>\n<p>Apesar desse quadro, a inten\u00e7\u00e3o de financiar a compra de um carro se manteve est\u00e1vel, com 51% dos entrevistados declarando que podem adquirir um autom\u00f3vel. \u201cO autom\u00f3vel \u00e9 um bem utilit\u00e1rio e ainda \u00e9 indispens\u00e1vel em um pa\u00eds continental, onde precisa deslocar grandes dist\u00e2ncias. \u00c9 um bem b\u00e1sico na lista de consumo\u201d, analisou Tingas.<\/p>\n<p>Para Ferreira, a inten\u00e7\u00e3o n\u00e3o tem se refletido no mercado. \u201cSe a inten\u00e7\u00e3o \u00e9 comprar um carro, na pr\u00e1tica \u00e9 diferente. Houve queda na compra de carros nos primeiros meses do ano, em compara\u00e7\u00e3o ao mesmo per\u00edodo de 2014\u201d.<\/p>\n<p>Marcelo Brand\u00e3o \u2013 Rep\u00f3rter da Ag\u00eancia Brasil<br \/>\nEdi\u00e7\u00e3o: Jorge Wamburg<\/p>\n","protected":false},"excerpt":{"rendered":"<p>O brasileiro est\u00e1 pessimista quanto \u00e0 economia do pa\u00eds e pretende conter gastos em 2015, segundo pesquisa promovida pela Associa\u00e7\u00e3o Nacional das Institui\u00e7\u00f5es de Cr\u00e9dito, Financiamento e Investimento (Acrefi) e pela empresa TNS Brasil, em que 66% dos entrevistados avaliam como \u201cruim\u201d ou \u201cp\u00e9ssima\u201d a situa\u00e7\u00e3o do Brasil, enquanto no ano passado 37% dos entrevistados [&hellip;]<\/p>\n","protected":false},"author":2,"featured_media":57585,"comment_status":"open","ping_status":"closed","sticky":false,"template":"","format":"standard","meta":{"_genesis_hide_title":false,"_genesis_hide_breadcrumbs":false,"_genesis_hide_singular_image":false,"_genesis_hide_footer_widgets":false,"_genesis_custom_body_class":"","_genesis_custom_post_class":"","_genesis_layout":"","_jetpack_memberships_contains_paid_content":false,"footnotes":""},"categories":[22,7],"tags":[],"class_list":{"0":"post-69466","1":"post","2":"type-post","3":"status-publish","4":"format-standard","5":"has-post-thumbnail","7":"category-brasil","8":"category-economia","9":"entry","10":"gs-1","11":"gs-odd","12":"gs-even","13":"gs-featured-content-entry"},"jetpack_featured_media_url":"https:\/\/www.redenoticia.com.br\/noticia\/imagens\/analise-economia.jpg","jetpack_sharing_enabled":true,"jetpack_likes_enabled":true,"_links":{"self":[{"href":"https:\/\/www.redenoticia.com.br\/noticia\/wp-json\/wp\/v2\/posts\/69466","targetHints":{"allow":["GET"]}}],"collection":[{"href":"https:\/\/www.redenoticia.com.br\/noticia\/wp-json\/wp\/v2\/posts"}],"about":[{"href":"https:\/\/www.redenoticia.com.br\/noticia\/wp-json\/wp\/v2\/types\/post"}],"author":[{"embeddable":true,"href":"https:\/\/www.redenoticia.com.br\/noticia\/wp-json\/wp\/v2\/users\/2"}],"replies":[{"embeddable":true,"href":"https:\/\/www.redenoticia.com.br\/noticia\/wp-json\/wp\/v2\/comments?post=69466"}],"version-history":[{"count":0,"href":"https:\/\/www.redenoticia.com.br\/noticia\/wp-json\/wp\/v2\/posts\/69466\/revisions"}],"wp:featuredmedia":[{"embeddable":true,"href":"https:\/\/www.redenoticia.com.br\/noticia\/wp-json\/wp\/v2\/media\/57585"}],"wp:attachment":[{"href":"https:\/\/www.redenoticia.com.br\/noticia\/wp-json\/wp\/v2\/media?parent=69466"}],"wp:term":[{"taxonomy":"category","embeddable":true,"href":"https:\/\/www.redenoticia.com.br\/noticia\/wp-json\/wp\/v2\/categories?post=69466"},{"taxonomy":"post_tag","embeddable":true,"href":"https:\/\/www.redenoticia.com.br\/noticia\/wp-json\/wp\/v2\/tags?post=69466"}],"curies":[{"name":"wp","href":"https:\/\/api.w.org\/{rel}","templated":true}]}}