{"id":69464,"date":"2015-04-23T18:57:53","date_gmt":"2015-04-23T21:57:53","guid":{"rendered":"http:\/\/www.redenoticia.com.br\/noticia\/?p=69464"},"modified":"2015-04-23T18:57:53","modified_gmt":"2015-04-23T21:57:53","slug":"produtores-de-veiculos-estimulam-vendas-para-consorciados-contemplados","status":"publish","type":"post","link":"https:\/\/www.redenoticia.com.br\/noticia\/2015\/produtores-de-veiculos-estimulam-vendas-para-consorciados-contemplados\/69464","title":{"rendered":"Produtores de ve\u00edculos estimulam vendas para consorciados contemplados"},"content":{"rendered":"<p> A Associa\u00e7\u00e3o Nacional dos Fabricantes de Ve\u00edculos Automotores (Anfavea), Federa\u00e7\u00e3o Nacional da Distribui\u00e7\u00e3o de Ve\u00edculos Automotores (Fenabrave) e a Associa\u00e7\u00e3o Brasileira de Administradoras de Cons\u00f3rcios (Abac) anunciaram, na capital paulista, uma a\u00e7\u00e3o conjunta para estimular as <strong><em>vendas de ve\u00edculos<\/em><\/strong>. De 1\u00ba de maio a 15 de junho de 2015, as associadas participar\u00e3o do Festival do Consorciado Contemplado, que oferecer\u00e1 oportunidades exclusivas para que os consorciados contemplados utilizem o cr\u00e9dito dispon\u00edvel para adquirir o ve\u00edculo. <\/p>\n<p>De acordo com a proposta, cada fabricante oferecer\u00e1, de forma individual, condi\u00e7\u00f5es atrativas ao p\u00fablico-alvo. J\u00e1 confirmaram a participa\u00e7\u00e3o 11 empresas: Audi, DAF, FCA, Honda, CAOA, Iveco, General Motors, MAN Latin America, Scania, Toyota, Volkswagen. Para conhecer as condi\u00e7\u00f5es dispon\u00edveis, o consorciado contemplado dever\u00e1 procurar a marca de sua prefer\u00eancia. Segundo dados do setor, os consorciados sorteados que n\u00e3o retiraram o ve\u00edculo chegam a 240 mil em todo o pa\u00eds.<\/p>\n<p>O presidente da Fenabrave, Alarico Assump\u00e7\u00e3o J\u00fanior, ressaltou que esta \u00e9 uma oportunidade muito boa para o consorciado sorteado, principalmente, no momento em que a economia est\u00e1 estagnada e tanto as montadoras quanto as distribuidoras est\u00e3o com os estoques acima do patamar normal. \u201cO consorciado poder\u00e1 avaliar e adquirir seu ve\u00edculo com o cr\u00e9dito j\u00e1 aprovado. Essa foi uma maneira que achamos para fazer os estoques girarem.\u201d<\/p>\n<p>De acordo com o presidente executivo da Abac, Paulo Roberto Rossi, a oportunidade \u00e9 excelente para esse tipo de consumidor que tem o mesmo poder de quem compra a vista. Ele destacou que a decis\u00e3o de n\u00e3o retirar o bem quando h\u00e1 o sorteio \u00e9 muito pessoal e depende de diversos fatores. \u201cEsta \u00e9 mais uma alternativa para evitar a queda das vendas dos autom\u00f3veis. Como o cons\u00f3rcio surgiu na ind\u00fastria automobil\u00edstica e esse setor tem uma participa\u00e7\u00e3o grande na queda das vendas. Esta \u00e9 uma forma de ajudar a ind\u00fastria neste momento e a expectativa \u00e9 fazer novas a\u00e7\u00f5es para estimular, valorizar e beneficiar o consorciado\u201d.<\/p>\n<p>Para o presidente da Anfavea, Luiz Moan Yabiku Junior, o festival \u00e9 uma das a\u00e7\u00f5es para reverter o quadro de queda das vendas. \u201cNo primeiro trimestre tivemos queda de 17% e prevemos encerrar o ano com redu\u00e7\u00e3o de 13%. Nossas vendas m\u00e9dias nos pr\u00f3ximos nove meses representar\u00e3o um crescimento acentuado sobre o primeiro trimestre.\u201d<\/p>\n<p>Moan refor\u00e7ou que o ponto fundamental para que a economia volte a girar e o setor comece a se recuperar \u00e9 a aprova\u00e7\u00e3o das medidas de ajuste fiscal, o mais r\u00e1pido poss\u00edvel para que se saiba qual \u00e9 o cen\u00e1rio em que a ind\u00fastria est\u00e1 trabalhando para ent\u00e3o ter tranquilidade para investir e recuperar o consumidor.<\/p>\n<p>Fl\u00e1via Albuquerque &#8211; Rep\u00f3rter da Ag\u00eancia Brasil<br \/>\nEdi\u00e7\u00e3o: Val\u00e9ria Aguiar<\/p>\n","protected":false},"excerpt":{"rendered":"<p>A Associa\u00e7\u00e3o Nacional dos Fabricantes de Ve\u00edculos Automotores (Anfavea), Federa\u00e7\u00e3o Nacional da Distribui\u00e7\u00e3o de Ve\u00edculos Automotores (Fenabrave) e a Associa\u00e7\u00e3o Brasileira de Administradoras de Cons\u00f3rcios (Abac) anunciaram, na capital paulista, uma a\u00e7\u00e3o conjunta para estimular as vendas de ve\u00edculos. De 1\u00ba de maio a 15 de junho de 2015, as associadas participar\u00e3o do Festival do [&hellip;]<\/p>\n","protected":false},"author":2,"featured_media":35207,"comment_status":"open","ping_status":"closed","sticky":false,"template":"","format":"standard","meta":{"_genesis_hide_title":false,"_genesis_hide_breadcrumbs":false,"_genesis_hide_singular_image":false,"_genesis_hide_footer_widgets":false,"_genesis_custom_body_class":"","_genesis_custom_post_class":"","_genesis_layout":"","_jetpack_memberships_contains_paid_content":false,"footnotes":""},"categories":[22],"tags":[],"class_list":{"0":"post-69464","1":"post","2":"type-post","3":"status-publish","4":"format-standard","5":"has-post-thumbnail","7":"category-brasil","8":"entry","9":"gs-1","10":"gs-odd","11":"gs-even","12":"gs-featured-content-entry"},"jetpack_featured_media_url":"https:\/\/www.redenoticia.com.br\/noticia\/imagens\/transito-estradas.jpg","jetpack_sharing_enabled":true,"jetpack_likes_enabled":true,"_links":{"self":[{"href":"https:\/\/www.redenoticia.com.br\/noticia\/wp-json\/wp\/v2\/posts\/69464","targetHints":{"allow":["GET"]}}],"collection":[{"href":"https:\/\/www.redenoticia.com.br\/noticia\/wp-json\/wp\/v2\/posts"}],"about":[{"href":"https:\/\/www.redenoticia.com.br\/noticia\/wp-json\/wp\/v2\/types\/post"}],"author":[{"embeddable":true,"href":"https:\/\/www.redenoticia.com.br\/noticia\/wp-json\/wp\/v2\/users\/2"}],"replies":[{"embeddable":true,"href":"https:\/\/www.redenoticia.com.br\/noticia\/wp-json\/wp\/v2\/comments?post=69464"}],"version-history":[{"count":0,"href":"https:\/\/www.redenoticia.com.br\/noticia\/wp-json\/wp\/v2\/posts\/69464\/revisions"}],"wp:featuredmedia":[{"embeddable":true,"href":"https:\/\/www.redenoticia.com.br\/noticia\/wp-json\/wp\/v2\/media\/35207"}],"wp:attachment":[{"href":"https:\/\/www.redenoticia.com.br\/noticia\/wp-json\/wp\/v2\/media?parent=69464"}],"wp:term":[{"taxonomy":"category","embeddable":true,"href":"https:\/\/www.redenoticia.com.br\/noticia\/wp-json\/wp\/v2\/categories?post=69464"},{"taxonomy":"post_tag","embeddable":true,"href":"https:\/\/www.redenoticia.com.br\/noticia\/wp-json\/wp\/v2\/tags?post=69464"}],"curies":[{"name":"wp","href":"https:\/\/api.w.org\/{rel}","templated":true}]}}