{"id":69462,"date":"2015-04-23T18:53:46","date_gmt":"2015-04-23T21:53:46","guid":{"rendered":"http:\/\/www.redenoticia.com.br\/noticia\/?p=69462"},"modified":"2015-04-23T18:53:46","modified_gmt":"2015-04-23T21:53:46","slug":"carros-deverao-ter-extintor-tipo-abc-a-partir-de-1o-de-julho","status":"publish","type":"post","link":"https:\/\/www.redenoticia.com.br\/noticia\/2015\/carros-deverao-ter-extintor-tipo-abc-a-partir-de-1o-de-julho\/69462","title":{"rendered":"Carros dever\u00e3o ter extintor tipo ABC a partir de 1\u00ba de julho"},"content":{"rendered":"<p> Motoristas dever\u00e3o colocar em seus carros um <strong><em>extintor do tipo ABC<\/em><\/strong>, que passar\u00e1 a ser exigido em 1\u00ba de julho. O Contran (Conselho Nacional de Tr\u00e2nsito) prorrogou por 90 dias o prazo para que os motoristas se adequem \u00e0 legisla\u00e7\u00e3o federal por conta da falta de equipamento no mercado. As informa\u00e7\u00f5es s\u00e3o do Detran.SP (Departamento Estadual de Tr\u00e2nsito).<\/p>\n<p>A decis\u00e3o foi oficializada por meio da publica\u00e7\u00e3o no Di\u00e1rio Oficial da Uni\u00e3o da resolu\u00e7\u00e3o 521\/2015. As medidas alteram a resolu\u00e7\u00e3o 333 do Contran, de 2009, que estabelecia que os ve\u00edculos n\u00e3o poderiam circular sem o extintor ABC a partir de 1\u00ba de janeiro de 2015.<\/p>\n<p>A substitui\u00e7\u00e3o do extintor BC para o ABC, por\u00e9m, foi determinada pelo Contran h\u00e1 mais de 10 anos, em 2004, por meio da resolu\u00e7\u00e3o 157. O extintor dever\u00e1 ficar acoplado em um dos bancos dianteiros dos ve\u00edculos, para facilitar o acesso ao equipamento.<\/p>\n<p>Diferen\u00e7as<br \/>\nPara cada classe de fogo existe um tipo de extintor indicado ao combate das chamas. O novo extintor exigido tem capacidade para eliminar chamas de classes A, B e C, descritas abaixo.<\/p>\n<p>O extintor ABC tem validade maior, de cinco anos. O do tipo BC vence a cada tr\u00eas anos e pode ser reabastecido uma vez, com validade de um ano ap\u00f3s a nova carga. Agora, passado o prazo de validade, ser\u00e1 necess\u00e1rio descartar o equipamento e adquirir um novo.<\/p>\n<p>O modelo anterior era eficiente apenas para as classes B e C. A letra A indica que a carga do extintor \u00e9 eficiente para combater chamas que se propagam por materiais s\u00f3lidos, como, por exemplo, bancos, tapetes e pain\u00e9is. J\u00e1 a letra B serve para eliminar chamas causadas por l\u00edquidos inflam\u00e1veis, como gasolina, \u00f3leo diesel, querosene, etc. Por fim, a letra C combate o fogo em equipamentos el\u00e9tricos, como bateria, fia\u00e7\u00e3o, entre outros.<\/p>\n<p>Do Portal do Governo do Estado SP <\/p>\n","protected":false},"excerpt":{"rendered":"<p>Motoristas dever\u00e3o colocar em seus carros um extintor do tipo ABC, que passar\u00e1 a ser exigido em 1\u00ba de julho. O Contran (Conselho Nacional de Tr\u00e2nsito) prorrogou por 90 dias o prazo para que os motoristas se adequem \u00e0 legisla\u00e7\u00e3o federal por conta da falta de equipamento no mercado. As informa\u00e7\u00f5es s\u00e3o do Detran.SP (Departamento [&hellip;]<\/p>\n","protected":false},"author":2,"featured_media":28951,"comment_status":"open","ping_status":"closed","sticky":false,"template":"","format":"standard","meta":{"_genesis_hide_title":false,"_genesis_hide_breadcrumbs":false,"_genesis_hide_singular_image":false,"_genesis_hide_footer_widgets":false,"_genesis_custom_body_class":"","_genesis_custom_post_class":"","_genesis_layout":"","_jetpack_memberships_contains_paid_content":false,"footnotes":""},"categories":[22],"tags":[],"class_list":{"0":"post-69462","1":"post","2":"type-post","3":"status-publish","4":"format-standard","5":"has-post-thumbnail","7":"category-brasil","8":"entry","9":"gs-1","10":"gs-odd","11":"gs-even","12":"gs-featured-content-entry"},"jetpack_featured_media_url":"https:\/\/www.redenoticia.com.br\/noticia\/imagens\/concurso-inscricao-vagas-ate.jpg","jetpack_sharing_enabled":true,"jetpack_likes_enabled":true,"_links":{"self":[{"href":"https:\/\/www.redenoticia.com.br\/noticia\/wp-json\/wp\/v2\/posts\/69462","targetHints":{"allow":["GET"]}}],"collection":[{"href":"https:\/\/www.redenoticia.com.br\/noticia\/wp-json\/wp\/v2\/posts"}],"about":[{"href":"https:\/\/www.redenoticia.com.br\/noticia\/wp-json\/wp\/v2\/types\/post"}],"author":[{"embeddable":true,"href":"https:\/\/www.redenoticia.com.br\/noticia\/wp-json\/wp\/v2\/users\/2"}],"replies":[{"embeddable":true,"href":"https:\/\/www.redenoticia.com.br\/noticia\/wp-json\/wp\/v2\/comments?post=69462"}],"version-history":[{"count":0,"href":"https:\/\/www.redenoticia.com.br\/noticia\/wp-json\/wp\/v2\/posts\/69462\/revisions"}],"wp:featuredmedia":[{"embeddable":true,"href":"https:\/\/www.redenoticia.com.br\/noticia\/wp-json\/wp\/v2\/media\/28951"}],"wp:attachment":[{"href":"https:\/\/www.redenoticia.com.br\/noticia\/wp-json\/wp\/v2\/media?parent=69462"}],"wp:term":[{"taxonomy":"category","embeddable":true,"href":"https:\/\/www.redenoticia.com.br\/noticia\/wp-json\/wp\/v2\/categories?post=69462"},{"taxonomy":"post_tag","embeddable":true,"href":"https:\/\/www.redenoticia.com.br\/noticia\/wp-json\/wp\/v2\/tags?post=69462"}],"curies":[{"name":"wp","href":"https:\/\/api.w.org\/{rel}","templated":true}]}}