{"id":69416,"date":"2015-04-22T17:23:38","date_gmt":"2015-04-22T20:23:38","guid":{"rendered":"http:\/\/www.redenoticia.com.br\/noticia\/?p=69416"},"modified":"2015-04-22T17:23:38","modified_gmt":"2015-04-22T20:23:38","slug":"banco-central-preve-deficit-de-us-84-bilhoes-nas-contas-externas-em-2015","status":"publish","type":"post","link":"https:\/\/www.redenoticia.com.br\/noticia\/2015\/banco-central-preve-deficit-de-us-84-bilhoes-nas-contas-externas-em-2015\/69416","title":{"rendered":"Banco Central prev\u00ea d\u00e9ficit de US$ 84 bilh\u00f5es nas contas externas em 2015"},"content":{"rendered":"<p> O Banco Central (BC) projeta d\u00e9ficit de US$ 84 bilh\u00f5es, 4,42% do <strong><em>Produto Interno Bruto<\/em><\/strong> (PIB, soma dos bens e servi\u00e7os produzidos no pa\u00eds) nas contas externas brasileiras em 2015. A autoridade monet\u00e1ria alterou a previs\u00e3o em rela\u00e7\u00e3o \u00e0 edi\u00e7\u00e3o anterior, em fun\u00e7\u00e3o da ado\u00e7\u00e3o de nova metodologia de c\u00e1lculo, de acordo com manual mais recente do Fundo Monet\u00e1rio Internacional (FMI).<\/p>\n<p>Antes da mudan\u00e7a, a estimativa era que as chamadas transa\u00e7\u00f5es correntes encerrariam o ano com d\u00e9ficit perto de US$ 80 bilh\u00f5es.<\/p>\n<p>As transa\u00e7\u00f5es correntes s\u00e3o trocas comerciais de servi\u00e7os e financeiras do Brasil com o mundo. Seu resultado indica a qualidade das contas externas de um pa\u00eds. Em mar\u00e7o, pela nova metodologia, essas transa\u00e7\u00f5es registraram d\u00e9ficit de US$ 5,7 bilh\u00f5es.<\/p>\n<p>O chefe do Departamento Econ\u00f4mico do BC, Tulio Maciel, disse que o resultado ficou dentro da previs\u00e3o do banco, que era saldo negativo de US$ 5,5 bilh\u00f5es. Maciel ressaltou que o d\u00e9ficit \u00e9 inferior ao do mesmo m\u00eas de 2014, de US$ 6,6 bilh\u00f5es.<\/p>\n<p> \u201cO padr\u00e3o de d\u00e9ficits menores m\u00eas a m\u00eas se repete\u201d, acrescentou. Segundo ele, para abril, o BC projeta d\u00e9ficit de US$ 6 bilh\u00f5es nas transa\u00e7\u00f5es correntes, ante resultado negativo de US$ 9,1 bilh\u00f5es em abril de 2014. Para Maciel, os d\u00e9ficits est\u00e3o menores por causa da redu\u00e7\u00e3o dos saldos negativos em contas como a da balan\u00e7a comercial e a de servi\u00e7os.<\/p>\n<p>Ele esclareceu que, em ambas, o movimento ocorre por influ\u00eancia do c\u00e2mbio. Na balan\u00e7a comercial, por exemplo, o d\u00f3lar mais valorizado favorece as exporta\u00e7\u00f5es. Segundo proje\u00e7\u00e3o de hoje (22) do BC, a balan\u00e7a encerrar\u00e1 2015 com super\u00e1vit de US$ 3 bilh\u00f5es. Na conta de servi\u00e7os, que inclui os gastos de brasileiros no exterior, a moeda norte-americana em alta contribui para desembolsos menores.<\/p>\n<p>De US$ 1,833 bilh\u00e3o, em mar\u00e7o de 2014, as despesas de brasileiros l\u00e1 fora recuaram para US$ 1,504 bilh\u00e3o no mesmo m\u00eas deste ano. No primeiro trimestre, o recuo foi de US$ 5,847 bilh\u00f5es para US$ 5,232 bilh\u00f5es.<\/p>\n<p>Mariana Branco &#8211; Rep\u00f3rter da Ag\u00eancia Brasil<br \/>\nEdi\u00e7\u00e3o: Armando Cardoso<\/p>\n","protected":false},"excerpt":{"rendered":"<p>O Banco Central (BC) projeta d\u00e9ficit de US$ 84 bilh\u00f5es, 4,42% do Produto Interno Bruto (PIB, soma dos bens e servi\u00e7os produzidos no pa\u00eds) nas contas externas brasileiras em 2015. A autoridade monet\u00e1ria alterou a previs\u00e3o em rela\u00e7\u00e3o \u00e0 edi\u00e7\u00e3o anterior, em fun\u00e7\u00e3o da ado\u00e7\u00e3o de nova metodologia de c\u00e1lculo, de acordo com manual mais [&hellip;]<\/p>\n","protected":false},"author":2,"featured_media":40517,"comment_status":"open","ping_status":"closed","sticky":false,"template":"","format":"standard","meta":{"_genesis_hide_title":false,"_genesis_hide_breadcrumbs":false,"_genesis_hide_singular_image":false,"_genesis_hide_footer_widgets":false,"_genesis_custom_body_class":"","_genesis_custom_post_class":"","_genesis_layout":"","_jetpack_memberships_contains_paid_content":false,"footnotes":""},"categories":[22,7],"tags":[],"class_list":{"0":"post-69416","1":"post","2":"type-post","3":"status-publish","4":"format-standard","5":"has-post-thumbnail","7":"category-brasil","8":"category-economia","9":"entry","10":"gs-1","11":"gs-odd","12":"gs-even","13":"gs-featured-content-entry"},"jetpack_featured_media_url":"https:\/\/www.redenoticia.com.br\/noticia\/imagens\/economia-previsao.jpg","jetpack_sharing_enabled":true,"jetpack_likes_enabled":true,"_links":{"self":[{"href":"https:\/\/www.redenoticia.com.br\/noticia\/wp-json\/wp\/v2\/posts\/69416","targetHints":{"allow":["GET"]}}],"collection":[{"href":"https:\/\/www.redenoticia.com.br\/noticia\/wp-json\/wp\/v2\/posts"}],"about":[{"href":"https:\/\/www.redenoticia.com.br\/noticia\/wp-json\/wp\/v2\/types\/post"}],"author":[{"embeddable":true,"href":"https:\/\/www.redenoticia.com.br\/noticia\/wp-json\/wp\/v2\/users\/2"}],"replies":[{"embeddable":true,"href":"https:\/\/www.redenoticia.com.br\/noticia\/wp-json\/wp\/v2\/comments?post=69416"}],"version-history":[{"count":0,"href":"https:\/\/www.redenoticia.com.br\/noticia\/wp-json\/wp\/v2\/posts\/69416\/revisions"}],"wp:featuredmedia":[{"embeddable":true,"href":"https:\/\/www.redenoticia.com.br\/noticia\/wp-json\/wp\/v2\/media\/40517"}],"wp:attachment":[{"href":"https:\/\/www.redenoticia.com.br\/noticia\/wp-json\/wp\/v2\/media?parent=69416"}],"wp:term":[{"taxonomy":"category","embeddable":true,"href":"https:\/\/www.redenoticia.com.br\/noticia\/wp-json\/wp\/v2\/categories?post=69416"},{"taxonomy":"post_tag","embeddable":true,"href":"https:\/\/www.redenoticia.com.br\/noticia\/wp-json\/wp\/v2\/tags?post=69416"}],"curies":[{"name":"wp","href":"https:\/\/api.w.org\/{rel}","templated":true}]}}