{"id":69414,"date":"2015-04-22T17:21:29","date_gmt":"2015-04-22T20:21:29","guid":{"rendered":"http:\/\/www.redenoticia.com.br\/noticia\/?p=69414"},"modified":"2015-04-22T17:21:29","modified_gmt":"2015-04-22T20:21:29","slug":"pais-tem-deficit-de-us-57-bilhoes-nas-contas-externas-em-marco","status":"publish","type":"post","link":"https:\/\/www.redenoticia.com.br\/noticia\/2015\/pais-tem-deficit-de-us-57-bilhoes-nas-contas-externas-em-marco\/69414","title":{"rendered":"Pa\u00eds tem d\u00e9ficit de US$ 5,7 bilh\u00f5es nas contas externas em mar\u00e7o"},"content":{"rendered":"<p> O saldo das trocas de mercadorias e servi\u00e7os do Brasil com o resto do mundo \u2013 as <strong><em>transa\u00e7\u00f5es correntes<\/em><\/strong> \u2013 ficou negativo em US$ 5,736 bilh\u00f5es em mar\u00e7o. No acumulado dos tr\u00eas primeiros meses do ano, o d\u00e9ficit est\u00e1 em US$ 25,394 bilh\u00f5es. No mesmo per\u00edodo do ano passado, era US$ 27,734 bilh\u00f5es. Os dados foram divulgados pelo Banco Central (BC).<\/p>\n<p>A conta de servi\u00e7os, que inclui viagens internacionais transportes, aluguel de equipamentos e seguros, ficou deficit\u00e1ria em US$ 3,862 bilh\u00f5es, puxada pelas despesas com viagens e transportes. O saldo comercial ficou positivo em US$ 230 milh\u00f5es. O valor resulta de US$ 16,948 bilh\u00f5es em exporta\u00e7\u00f5es e US$ 16,718 bilh\u00f5es em importa\u00e7\u00f5es.<\/p>\n<p>Na conta financeira, que inclui o investimento no exterior e investimento direto no pa\u00eds, houve saldo negativo de US$ 5,169 bilh\u00f5es em mar\u00e7o. Os investimentos diretos no exterior tiveram redu\u00e7\u00e3o de US$ 329 milh\u00f5es. J\u00e1 os investimentos diretos no pa\u00eds aumentaram US$ 4,263 bilh\u00f5es.<\/p>\n<p>O saldo de transa\u00e7\u00f5es correntes encerrou 2014 negativo em US$ 90,9 bilh\u00f5es, maior d\u00e9ficit anual j\u00e1 registrado, superando o recorde de 2013, quando houve d\u00e9ficit de US$ 81,8 bilh\u00f5es.<\/p>\n<p>Os n\u00fameros de mar\u00e7o est\u00e3o de acordo com nova metodologia, adotada pelo BC, em conson\u00e2ncia com o manual mais recente do Fundo Monet\u00e1rio Internacional (FMI) para o balan\u00e7o de pagamentos.<\/p>\n<p>Mariana Branco &#8211; Rep\u00f3rter da Ag\u00eancia Brasil<br \/>\nEdi\u00e7\u00e3o: Jos\u00e9 Romildo<\/p>\n","protected":false},"excerpt":{"rendered":"<p>O saldo das trocas de mercadorias e servi\u00e7os do Brasil com o resto do mundo \u2013 as transa\u00e7\u00f5es correntes \u2013 ficou negativo em US$ 5,736 bilh\u00f5es em mar\u00e7o. No acumulado dos tr\u00eas primeiros meses do ano, o d\u00e9ficit est\u00e1 em US$ 25,394 bilh\u00f5es. No mesmo per\u00edodo do ano passado, era US$ 27,734 bilh\u00f5es. Os dados [&hellip;]<\/p>\n","protected":false},"author":2,"featured_media":57583,"comment_status":"open","ping_status":"closed","sticky":false,"template":"","format":"standard","meta":{"_genesis_hide_title":false,"_genesis_hide_breadcrumbs":false,"_genesis_hide_singular_image":false,"_genesis_hide_footer_widgets":false,"_genesis_custom_body_class":"","_genesis_custom_post_class":"","_genesis_layout":"","_jetpack_memberships_contains_paid_content":false,"footnotes":""},"categories":[22,7],"tags":[],"class_list":{"0":"post-69414","1":"post","2":"type-post","3":"status-publish","4":"format-standard","5":"has-post-thumbnail","7":"category-brasil","8":"category-economia","9":"entry","10":"gs-1","11":"gs-odd","12":"gs-even","13":"gs-featured-content-entry"},"jetpack_featured_media_url":"https:\/\/www.redenoticia.com.br\/noticia\/imagens\/economia-grafico.jpg","jetpack_sharing_enabled":true,"jetpack_likes_enabled":true,"_links":{"self":[{"href":"https:\/\/www.redenoticia.com.br\/noticia\/wp-json\/wp\/v2\/posts\/69414","targetHints":{"allow":["GET"]}}],"collection":[{"href":"https:\/\/www.redenoticia.com.br\/noticia\/wp-json\/wp\/v2\/posts"}],"about":[{"href":"https:\/\/www.redenoticia.com.br\/noticia\/wp-json\/wp\/v2\/types\/post"}],"author":[{"embeddable":true,"href":"https:\/\/www.redenoticia.com.br\/noticia\/wp-json\/wp\/v2\/users\/2"}],"replies":[{"embeddable":true,"href":"https:\/\/www.redenoticia.com.br\/noticia\/wp-json\/wp\/v2\/comments?post=69414"}],"version-history":[{"count":0,"href":"https:\/\/www.redenoticia.com.br\/noticia\/wp-json\/wp\/v2\/posts\/69414\/revisions"}],"wp:featuredmedia":[{"embeddable":true,"href":"https:\/\/www.redenoticia.com.br\/noticia\/wp-json\/wp\/v2\/media\/57583"}],"wp:attachment":[{"href":"https:\/\/www.redenoticia.com.br\/noticia\/wp-json\/wp\/v2\/media?parent=69414"}],"wp:term":[{"taxonomy":"category","embeddable":true,"href":"https:\/\/www.redenoticia.com.br\/noticia\/wp-json\/wp\/v2\/categories?post=69414"},{"taxonomy":"post_tag","embeddable":true,"href":"https:\/\/www.redenoticia.com.br\/noticia\/wp-json\/wp\/v2\/tags?post=69414"}],"curies":[{"name":"wp","href":"https:\/\/api.w.org\/{rel}","templated":true}]}}