{"id":69412,"date":"2015-04-22T17:19:39","date_gmt":"2015-04-22T20:19:39","guid":{"rendered":"http:\/\/www.redenoticia.com.br\/noticia\/?p=69412"},"modified":"2015-04-22T17:19:39","modified_gmt":"2015-04-22T20:19:39","slug":"empresas-aumentaram-em-67-a-procura-por-credito-diz-serasa","status":"publish","type":"post","link":"https:\/\/www.redenoticia.com.br\/noticia\/2015\/empresas-aumentaram-em-67-a-procura-por-credito-diz-serasa\/69412","title":{"rendered":"Empresas aumentaram em 6,7% a procura por cr\u00e9dito, diz Serasa"},"content":{"rendered":"<p> Em mar\u00e7o, as empresas aumentaram em 6,7% a <strong><em>procura por cr\u00e9dito<\/em><\/strong>, segundo o Indicador Serasa Experian de Demanda das Empresas por Cr\u00e9dito. Na compara\u00e7\u00e3o com o mesmo m\u00eas do ano passado, houve alta de 18,1%. No primeiro trimestre, o crescimento foi 9,7%.<\/p>\n<p>Esse avan\u00e7o na m\u00e9dia foi puxado pelas micro e pequenas empresas com varia\u00e7\u00e3o de 7,4% sobre fevereiro deste ano. Nos dois perfis de empresa analisados ocorreram recuos. As de m\u00e9dio porte reduziram a busca em 4,8% e as grandes empresas diminu\u00edram em 6,1%.<\/p>\n<p>Na an\u00e1lise por setor, a demanda foi liderada pela \u00e1rea de servi\u00e7os, com alta de 8,5%, seguida do com\u00e9rcio (5,7%) e ind\u00fastria (3,7%). O Centro-Oeste foi a regi\u00e3o com maior crescimento (12,4%), seguida do Sul, com alta de 8,6%, e do Nordeste (6,4%). J\u00e1 no Norte e no Sudeste, ocorreram expans\u00f5es com taxas id\u00eanticas (4,8%).<\/p>\n<p>Nos tr\u00eas primeiros meses do ano, o Sul lidera a procura por cr\u00e9dito com amplia\u00e7\u00e3o de 12%, seguido do Centro-Oeste (10,4%), Norte (9,4%), Nordeste (8,6%) e Sudeste (7,6%).<\/p>\n<p>Para os economistas da Serasa Experian, o resultado foi influenciado pela diferen\u00e7a de dias \u00fateis pelo fato de o carnaval ter sido em fevereiro. Em mar\u00e7o, foram 22 dias \u00fateis n\u00famero acima do registrado em fevereiro \u2013 18 dias \u00fateis \u2013 e superior ao mesmo per\u00edodo do ano passado \u2013 19 dias \u00fateis. De acordo com os economistas, se for feito o ajuste dos dias \u00fateis, h\u00e1 uma queda de 12,7% sobre fevereiro de 2015 e aumento de 2% na compara\u00e7\u00e3o com mar\u00e7o de 2014.<\/p>\n<p>Eles destacaram que, com o mercado mais rigoroso para conceder cr\u00e9dito, pode-se deduzir que os empres\u00e1rios desse segmento estariam recorrendo a \u201coutras fontes alternativas de financiamento, como o cr\u00e9dito mercantil\u201d.<\/p>\n<p>Marli Moreira &#8211; Rep\u00f3rter da Ag\u00eancia Brasil<br \/>\nEdi\u00e7\u00e3o: Marcos Chagas<\/p>\n","protected":false},"excerpt":{"rendered":"<p>Em mar\u00e7o, as empresas aumentaram em 6,7% a procura por cr\u00e9dito, segundo o Indicador Serasa Experian de Demanda das Empresas por Cr\u00e9dito. Na compara\u00e7\u00e3o com o mesmo m\u00eas do ano passado, houve alta de 18,1%. No primeiro trimestre, o crescimento foi 9,7%. Esse avan\u00e7o na m\u00e9dia foi puxado pelas micro e pequenas empresas com varia\u00e7\u00e3o [&hellip;]<\/p>\n","protected":false},"author":2,"featured_media":40734,"comment_status":"open","ping_status":"closed","sticky":false,"template":"","format":"standard","meta":{"_genesis_hide_title":false,"_genesis_hide_breadcrumbs":false,"_genesis_hide_singular_image":false,"_genesis_hide_footer_widgets":false,"_genesis_custom_body_class":"","_genesis_custom_post_class":"","_genesis_layout":"","_jetpack_memberships_contains_paid_content":false,"footnotes":""},"categories":[22,7],"tags":[],"class_list":{"0":"post-69412","1":"post","2":"type-post","3":"status-publish","4":"format-standard","5":"has-post-thumbnail","7":"category-brasil","8":"category-economia","9":"entry","10":"gs-1","11":"gs-odd","12":"gs-even","13":"gs-featured-content-entry"},"jetpack_featured_media_url":"https:\/\/www.redenoticia.com.br\/noticia\/imagens\/economia-resultados.jpg","jetpack_sharing_enabled":true,"jetpack_likes_enabled":true,"_links":{"self":[{"href":"https:\/\/www.redenoticia.com.br\/noticia\/wp-json\/wp\/v2\/posts\/69412","targetHints":{"allow":["GET"]}}],"collection":[{"href":"https:\/\/www.redenoticia.com.br\/noticia\/wp-json\/wp\/v2\/posts"}],"about":[{"href":"https:\/\/www.redenoticia.com.br\/noticia\/wp-json\/wp\/v2\/types\/post"}],"author":[{"embeddable":true,"href":"https:\/\/www.redenoticia.com.br\/noticia\/wp-json\/wp\/v2\/users\/2"}],"replies":[{"embeddable":true,"href":"https:\/\/www.redenoticia.com.br\/noticia\/wp-json\/wp\/v2\/comments?post=69412"}],"version-history":[{"count":0,"href":"https:\/\/www.redenoticia.com.br\/noticia\/wp-json\/wp\/v2\/posts\/69412\/revisions"}],"wp:featuredmedia":[{"embeddable":true,"href":"https:\/\/www.redenoticia.com.br\/noticia\/wp-json\/wp\/v2\/media\/40734"}],"wp:attachment":[{"href":"https:\/\/www.redenoticia.com.br\/noticia\/wp-json\/wp\/v2\/media?parent=69412"}],"wp:term":[{"taxonomy":"category","embeddable":true,"href":"https:\/\/www.redenoticia.com.br\/noticia\/wp-json\/wp\/v2\/categories?post=69412"},{"taxonomy":"post_tag","embeddable":true,"href":"https:\/\/www.redenoticia.com.br\/noticia\/wp-json\/wp\/v2\/tags?post=69412"}],"curies":[{"name":"wp","href":"https:\/\/api.w.org\/{rel}","templated":true}]}}