{"id":69410,"date":"2015-04-22T17:16:27","date_gmt":"2015-04-22T20:16:27","guid":{"rendered":"http:\/\/www.redenoticia.com.br\/noticia\/?p=69410"},"modified":"2015-04-22T17:16:27","modified_gmt":"2015-04-22T20:16:27","slug":"etecs-promovem-consultoria-gratuita-para-declaracao-do-imposto-de-renda","status":"publish","type":"post","link":"https:\/\/www.redenoticia.com.br\/noticia\/2015\/etecs-promovem-consultoria-gratuita-para-declaracao-do-imposto-de-renda\/69410","title":{"rendered":"Etecs promovem consultoria gratuita para declara\u00e7\u00e3o do Imposto de Renda"},"content":{"rendered":"<p>Para auxiliar os contribuintes que ainda n\u00e3o fizeram sua declara\u00e7\u00e3o do <strong><em>Imposto de Renda<\/em><\/strong> Pessoa F\u00edsica 2015, alunos e professores dos cursos t\u00e9cnicos de Contabilidade e Administra\u00e7\u00e3o das Etecs (Escolas T\u00e9cnicas estaduais) promovem plant\u00f5es de consultoria gratuita.<\/p>\n<p>Para contar com o atendimento, \u00e9 necess\u00e1rio levar comprovantes de rendimentos do ano-calend\u00e1rio 2014, declara\u00e7\u00e3o do ano anterior com recibo de entrega (se houver), n\u00famero do RG, CPF e t\u00edtulo de eleitor, endere\u00e7o residencial, dados da conta banc\u00e1ria para restitui\u00e7\u00e3o e comprovantes de despesas que possam ser abatidas (consultas m\u00e9dicas, exames cl\u00ednicos, mensalidades escolares, contribui\u00e7\u00e3o para previd\u00eancia privada, entre outros).<\/p>\n<p>O prazo para entrega \u00e0 Receita Federal termina no pr\u00f3ximo dia 30. Mais informa\u00e7\u00f5es sobre a declara\u00e7\u00e3o podem ser obtidas no site da\u00a0.<\/p>\n<p>Confira lista de unidades, datas e hor\u00e1rios dos plant\u00f5es:<br \/>\nFerraz de Vasconcelos<br \/>\nEtec Ferraz de Vasconcelos<br \/>\nAvenida Governador J\u00e2nio Quadros, 2.000 \u2013 Parque S\u00e3o Francisco<br \/>\nQuando:\u00a0todos os dias \u00fateis at\u00e9 30 de abril, das 19h30 \u00e0s 21 horas<\/p>\n<p>S\u00e3o Paulo<br \/>\nEtec Cidade Tiradentes<br \/>\nRua Igarap\u00e9 \u00c1gua Azul, 70 \u2013 Cidade Tiradentes<br \/>\nQuando:\u00a025 de abril, das 8h \u00e0s 14h<br \/>\nAten\u00e7\u00e3o: Levar 1 quilo de alimento n\u00e3o perec\u00edvel<\/p>\n<p>Etec Dr\u00aa Maria Augusta Saraiva<br \/>\nRua Guaianases, 1.385 \u2013 Campos El\u00edseos<br \/>\nQuando:\u00a024 de abril, das 19h30 \u00e0s 21h30 e 25 de abril, das 8h30 \u00e0s 13 horas<br \/>\nAten\u00e7\u00e3o: Levar 1 quilo de alimento n\u00e3o perec\u00edvel<\/p>\n<p>Etec Jos\u00e9 Rocha Mendes \u2013 Extens\u00e3o EE Amadeu Amaral<br \/>\nLargo S\u00e3o Jos\u00e9 do Bel\u00e9m, 66 \u2013 Vila Prudente<br \/>\nQuando:\u00a025 de abril, das 9 \u00e0s 12 horas<br \/>\nTamb\u00e9m haver\u00e1 palestra sobre entrevista de emprego e oficina para elabora\u00e7\u00e3o de curr\u00edculos<\/p>\n<p>Etec Prof\u00aa Dr\u00aa Doroti Quiomi Kanashiro Toyohara<br \/>\nRua Ambr\u00f3sia do M\u00e9xico, 180 \u2013 Pirituba<br \/>\nQuando:\u00a023 e 24 de abril, das 19 \u00e0s 21 horas<br \/>\nAten\u00e7\u00e3o: Levar 1 quilo de alimento n\u00e3o perec\u00edvel<\/p>\n<p>Etec Vila Formosa<br \/>\nRua Bact\u00f3ria, 38 \u2013 Vila Formosa<br \/>\nQuando:\u00a024, 27, 28, 29 e 30 de abril, das 19 \u00e0s 21h40<br \/>\nAten\u00e7\u00e3o: Levar 1 quilo de alimento n\u00e3o perec\u00edvel<\/p>\n<p>Etec Zona Leste \u2013 S\u00e3o Paulo<br \/>\nAvenida \u00c1guia de Haia, 2.633 \u2013 Cidade AE Carvalho<br \/>\nQuando:\u00a024, 27, 28, 29 e 30 de abril, das 8 \u00e0s 11 horas e das 19h30 \u00e0s 22 horas<br \/>\nAten\u00e7\u00e3o: Levar 1 quilo de alimento n\u00e3o perec\u00edvel<\/p>\n<p>Sorocaba<br \/>\nEtec Fernando Prestes \u2013 Sorocaba<br \/>\nRua Natal, 340 \u2013 Jardim Paulistano<br \/>\nQuando:\u00a022, 23 e 24 de abril &#8211; das 13h30 \u00e0s 16 horas e das 19 \u00e0s 21 horas<\/p>\n<p>Suzano<br \/>\nEtec de Suzano<br \/>\nRua Guilherme, 325 \u2013 Vila Urup\u00eas<br \/>\nQuando:\u00a025 de abril \u2013 das 10 \u00e0s 14 horas, durante o Sarau Cultural,<br \/>\nque contar\u00e1 com apresenta\u00e7\u00f5es art\u00edsticas dos alunos<\/p>\n<p>Do Portal do Governo do Estado<\/p>\n","protected":false},"excerpt":{"rendered":"<p>Para auxiliar os contribuintes que ainda n\u00e3o fizeram sua declara\u00e7\u00e3o do Imposto de Renda Pessoa F\u00edsica 2015, alunos e professores dos cursos t\u00e9cnicos de Contabilidade e Administra\u00e7\u00e3o das Etecs (Escolas T\u00e9cnicas estaduais) promovem plant\u00f5es de consultoria gratuita. Para contar com o atendimento, \u00e9 necess\u00e1rio levar comprovantes de rendimentos do ano-calend\u00e1rio 2014, declara\u00e7\u00e3o do ano anterior [&hellip;]<\/p>\n","protected":false},"author":2,"featured_media":38938,"comment_status":"open","ping_status":"closed","sticky":false,"template":"","format":"standard","meta":{"_genesis_hide_title":false,"_genesis_hide_breadcrumbs":false,"_genesis_hide_singular_image":false,"_genesis_hide_footer_widgets":false,"_genesis_custom_body_class":"","_genesis_custom_post_class":"","_genesis_layout":"","_jetpack_memberships_contains_paid_content":false,"footnotes":""},"categories":[22],"tags":[],"class_list":{"0":"post-69410","1":"post","2":"type-post","3":"status-publish","4":"format-standard","5":"has-post-thumbnail","7":"category-brasil","8":"entry","9":"gs-1","10":"gs-odd","11":"gs-even","12":"gs-featured-content-entry"},"jetpack_featured_media_url":"https:\/\/www.redenoticia.com.br\/noticia\/imagens\/economia1.jpg","jetpack_sharing_enabled":true,"jetpack_likes_enabled":true,"_links":{"self":[{"href":"https:\/\/www.redenoticia.com.br\/noticia\/wp-json\/wp\/v2\/posts\/69410","targetHints":{"allow":["GET"]}}],"collection":[{"href":"https:\/\/www.redenoticia.com.br\/noticia\/wp-json\/wp\/v2\/posts"}],"about":[{"href":"https:\/\/www.redenoticia.com.br\/noticia\/wp-json\/wp\/v2\/types\/post"}],"author":[{"embeddable":true,"href":"https:\/\/www.redenoticia.com.br\/noticia\/wp-json\/wp\/v2\/users\/2"}],"replies":[{"embeddable":true,"href":"https:\/\/www.redenoticia.com.br\/noticia\/wp-json\/wp\/v2\/comments?post=69410"}],"version-history":[{"count":0,"href":"https:\/\/www.redenoticia.com.br\/noticia\/wp-json\/wp\/v2\/posts\/69410\/revisions"}],"wp:featuredmedia":[{"embeddable":true,"href":"https:\/\/www.redenoticia.com.br\/noticia\/wp-json\/wp\/v2\/media\/38938"}],"wp:attachment":[{"href":"https:\/\/www.redenoticia.com.br\/noticia\/wp-json\/wp\/v2\/media?parent=69410"}],"wp:term":[{"taxonomy":"category","embeddable":true,"href":"https:\/\/www.redenoticia.com.br\/noticia\/wp-json\/wp\/v2\/categories?post=69410"},{"taxonomy":"post_tag","embeddable":true,"href":"https:\/\/www.redenoticia.com.br\/noticia\/wp-json\/wp\/v2\/tags?post=69410"}],"curies":[{"name":"wp","href":"https:\/\/api.w.org\/{rel}","templated":true}]}}