{"id":69350,"date":"2015-04-20T17:06:45","date_gmt":"2015-04-20T20:06:45","guid":{"rendered":"http:\/\/www.redenoticia.com.br\/noticia\/?p=69350"},"modified":"2015-04-20T17:06:45","modified_gmt":"2015-04-20T20:06:45","slug":"intencao-de-consumo-cai-ao-menor-nivel-desde-2010","status":"publish","type":"post","link":"https:\/\/www.redenoticia.com.br\/noticia\/2015\/intencao-de-consumo-cai-ao-menor-nivel-desde-2010\/69350","title":{"rendered":"Inten\u00e7\u00e3o de consumo cai ao menor n\u00edvel desde 2010"},"content":{"rendered":"<p> O \u00edndice de <strong><em>Inten\u00e7\u00e3o de Consumo<\/em><\/strong> das Fam\u00edlias, medido pela Confedera\u00e7\u00e3o Nacional do Com\u00e9rcio de Bens, Servi\u00e7os e Turismo (CNC), caiu 6,9% em abril e atingiu o menor n\u00edvel da s\u00e9rie hist\u00f3rica. A CNC divulgou o indicador, que recuou 17,8% em rela\u00e7\u00e3o ao mesmo m\u00eas do ano passado.<\/p>\n<p>De acordo com a assessora econ\u00f4mica da CNC, Juliana Serapio, o indicador deste m\u00eas foi o primeiro da s\u00e9rie hist\u00f3rica em que todos os componentes atingiram o menor patamar j\u00e1 registrado. A medi\u00e7\u00e3o \u00e9 feita desde janeiro de 2010.<\/p>\n<p>A queda foi mais forte na inten\u00e7\u00e3o de comprar bens dur\u00e1veis, chegando a 14,3% na compara\u00e7\u00e3o com mar\u00e7o e a 32,5% em rela\u00e7\u00e3o a abril do ano passado. Para a CNC, a queda est\u00e1 relacionada ao encarecimento do cr\u00e9dito: &#8220;Quando o cr\u00e9dito fica mais caro, isso afeta diretamente a inten\u00e7\u00e3o de consumo desses bens, que, muitas vezes, dependem de financiamento&#8221;, explica a economista.<\/p>\n<p>Apesar da queda, o \u00edndice continua no patamar considerado favor\u00e1vel (acima dos 100 pontos), com 102,9 pontos. Tr\u00eas componentes, no entanto, j\u00e1 recuaram para o patamar negativo: Momento para Dur\u00e1veis, com 78,9 pontos, N\u00edvel de Consumo Atual, com 79,5 pontos, e Perspectiva de Consumo, com 95,3 pontos.<\/p>\n<p>O N\u00edvel de Consumo Atual caiu 8% em rela\u00e7\u00e3o ao m\u00eas de mar\u00e7o e 17,1% comparado a abril do ano passado. As Perspectivas de Consumo tiveram queda ainda maior, de 9% na compara\u00e7\u00e3o com mar\u00e7o e de 28,1% em rela\u00e7\u00e3o a 2014.<\/p>\n<p>Para Juliana Serapio, a infla\u00e7\u00e3o registrada em mar\u00e7o, de 1,32% segundo o Instituto Brasileiro de Geografia e Estat\u00edstica, contribuiu para esse cen\u00e1rio: &#8220;Ela voltou a ficar pressionada pelos itens alimenta\u00e7\u00e3o e habita\u00e7\u00e3o. Isso \u00e9 algo que explica bastante a redistribui\u00e7\u00e3o do or\u00e7amento das fam\u00edlias&#8221;.<\/p>\n<p>As fam\u00edlias com renda at\u00e9 10 sal\u00e1rios m\u00ednimos tiveram queda menor que as de maior renda, registrando redu\u00e7\u00e3o na inten\u00e7\u00e3o de consumo de 6,4%, contra 9% das demais.<\/p>\n<p>As perspectivas profissionais medidas pela CNC tamb\u00e9m est\u00e3o em queda, apesar de a maior parte das fam\u00edlias consider\u00e1-las positivas. Segundo a pesquisa, 53,7% est\u00e3o otimistas para os pr\u00f3ximos seis meses, enquanto 38,7% est\u00e3o pessimistas. O indicador que mede essa expectativa teve queda de 5,9% em rela\u00e7\u00e3o a mar\u00e7o, e de 9,8% na compara\u00e7\u00e3o com abril.<\/p>\n<p>Vin\u00edcius Lisboa &#8211; Rep\u00f3rter da Ag\u00eancia Brasil<br \/>\nEdi\u00e7\u00e3o: Jorge Wamburg<\/p>\n","protected":false},"excerpt":{"rendered":"<p>O \u00edndice de Inten\u00e7\u00e3o de Consumo das Fam\u00edlias, medido pela Confedera\u00e7\u00e3o Nacional do Com\u00e9rcio de Bens, Servi\u00e7os e Turismo (CNC), caiu 6,9% em abril e atingiu o menor n\u00edvel da s\u00e9rie hist\u00f3rica. A CNC divulgou o indicador, que recuou 17,8% em rela\u00e7\u00e3o ao mesmo m\u00eas do ano passado. De acordo com a assessora econ\u00f4mica da [&hellip;]<\/p>\n","protected":false},"author":2,"featured_media":40734,"comment_status":"open","ping_status":"closed","sticky":false,"template":"","format":"standard","meta":{"_genesis_hide_title":false,"_genesis_hide_breadcrumbs":false,"_genesis_hide_singular_image":false,"_genesis_hide_footer_widgets":false,"_genesis_custom_body_class":"","_genesis_custom_post_class":"","_genesis_layout":"","_jetpack_memberships_contains_paid_content":false,"footnotes":""},"categories":[22,7],"tags":[],"class_list":{"0":"post-69350","1":"post","2":"type-post","3":"status-publish","4":"format-standard","5":"has-post-thumbnail","7":"category-brasil","8":"category-economia","9":"entry","10":"gs-1","11":"gs-odd","12":"gs-even","13":"gs-featured-content-entry"},"jetpack_featured_media_url":"https:\/\/www.redenoticia.com.br\/noticia\/imagens\/economia-resultados.jpg","jetpack_sharing_enabled":true,"jetpack_likes_enabled":true,"_links":{"self":[{"href":"https:\/\/www.redenoticia.com.br\/noticia\/wp-json\/wp\/v2\/posts\/69350","targetHints":{"allow":["GET"]}}],"collection":[{"href":"https:\/\/www.redenoticia.com.br\/noticia\/wp-json\/wp\/v2\/posts"}],"about":[{"href":"https:\/\/www.redenoticia.com.br\/noticia\/wp-json\/wp\/v2\/types\/post"}],"author":[{"embeddable":true,"href":"https:\/\/www.redenoticia.com.br\/noticia\/wp-json\/wp\/v2\/users\/2"}],"replies":[{"embeddable":true,"href":"https:\/\/www.redenoticia.com.br\/noticia\/wp-json\/wp\/v2\/comments?post=69350"}],"version-history":[{"count":0,"href":"https:\/\/www.redenoticia.com.br\/noticia\/wp-json\/wp\/v2\/posts\/69350\/revisions"}],"wp:featuredmedia":[{"embeddable":true,"href":"https:\/\/www.redenoticia.com.br\/noticia\/wp-json\/wp\/v2\/media\/40734"}],"wp:attachment":[{"href":"https:\/\/www.redenoticia.com.br\/noticia\/wp-json\/wp\/v2\/media?parent=69350"}],"wp:term":[{"taxonomy":"category","embeddable":true,"href":"https:\/\/www.redenoticia.com.br\/noticia\/wp-json\/wp\/v2\/categories?post=69350"},{"taxonomy":"post_tag","embeddable":true,"href":"https:\/\/www.redenoticia.com.br\/noticia\/wp-json\/wp\/v2\/tags?post=69350"}],"curies":[{"name":"wp","href":"https:\/\/api.w.org\/{rel}","templated":true}]}}