{"id":69348,"date":"2015-04-20T17:04:18","date_gmt":"2015-04-20T20:04:18","guid":{"rendered":"http:\/\/www.redenoticia.com.br\/noticia\/?p=69348"},"modified":"2015-04-20T17:04:18","modified_gmt":"2015-04-20T20:04:18","slug":"boletim-focus-mercado-financeiro-estima-que-inflacao-vai-a-823-este-ano","status":"publish","type":"post","link":"https:\/\/www.redenoticia.com.br\/noticia\/2015\/boletim-focus-mercado-financeiro-estima-que-inflacao-vai-a-823-este-ano\/69348","title":{"rendered":"Boletim Focus: mercado financeiro estima que infla\u00e7\u00e3o vai a 8,23% este ano"},"content":{"rendered":"<p> O <strong><em>\u00cdndice de Pre\u00e7os ao Consumidor Amplo<\/em><\/strong> (IPCA) dever\u00e1 fechar o ano em 8,23%, de acordo com o boletim Focus divulgado semanalmente pelo Banco Central. O \u00edndice havia recuado para 8,13% na semana passada, ap\u00f3s 14 semanas de previs\u00f5es de alta. Para os pre\u00e7os administrados, que sofrem algum controle do governo, como a gasolina e a energia el\u00e9trica, a estimativa de alta foi mantida em 13%.<\/p>\n<p>O mercado financeiro piorou a  estimativa de retra\u00e7\u00e3o de 1,01% para 1,03% no Produto Interno Bruto (PIB), a soma de todos os bens e servi\u00e7os do pa\u00eds. Foi mantida a expectativa de retra\u00e7\u00e3o na produ\u00e7\u00e3o industrial em 2,5%. N\u00e3o houve altera\u00e7\u00e3o, no boletim Focus, em rela\u00e7\u00e3o \u00e0 d\u00edvida l\u00edquida do setor p\u00fablico em propor\u00e7\u00e3o do PIB, com 38%.<\/p>\n<p>No setor externo, a estimativa para o d\u00e9ficit em conta corrente continua em US$ 77 bilh\u00f5es, se a balan\u00e7a comercial fechar o ano com saldo de US$ 4,3 bilh\u00f5es e os investimentos estrangeiros diretos em US$ 56 bilh\u00f5es.<\/p>\n<p>O boletim Focus retrata a vis\u00e3o do mercado financeiro sobre os indicadores e \u00e9 apurado semanalmente por meio de pesquisa com cerca de 100 institui\u00e7\u00f5es financeiras. O resultado da semana anterior \u00e9 sempre divulgado \u00e0s segundas-feiras.<\/p>\n<p>Daniel Lima &#8211; Rep\u00f3rter da Ag\u00eancia Brasil<br \/>\nEdi\u00e7\u00e3o: Jorge Wamburg<\/p>\n","protected":false},"excerpt":{"rendered":"<p>O \u00cdndice de Pre\u00e7os ao Consumidor Amplo (IPCA) dever\u00e1 fechar o ano em 8,23%, de acordo com o boletim Focus divulgado semanalmente pelo Banco Central. O \u00edndice havia recuado para 8,13% na semana passada, ap\u00f3s 14 semanas de previs\u00f5es de alta. Para os pre\u00e7os administrados, que sofrem algum controle do governo, como a gasolina e [&hellip;]<\/p>\n","protected":false},"author":2,"featured_media":57584,"comment_status":"open","ping_status":"closed","sticky":false,"template":"","format":"standard","meta":{"_genesis_hide_title":false,"_genesis_hide_breadcrumbs":false,"_genesis_hide_singular_image":false,"_genesis_hide_footer_widgets":false,"_genesis_custom_body_class":"","_genesis_custom_post_class":"","_genesis_layout":"","_jetpack_memberships_contains_paid_content":false,"footnotes":""},"categories":[22,7],"tags":[],"class_list":{"0":"post-69348","1":"post","2":"type-post","3":"status-publish","4":"format-standard","5":"has-post-thumbnail","7":"category-brasil","8":"category-economia","9":"entry","10":"gs-1","11":"gs-odd","12":"gs-even","13":"gs-featured-content-entry"},"jetpack_featured_media_url":"https:\/\/www.redenoticia.com.br\/noticia\/imagens\/economia-grafica-analise-inflacao.jpg","jetpack_sharing_enabled":true,"jetpack_likes_enabled":true,"_links":{"self":[{"href":"https:\/\/www.redenoticia.com.br\/noticia\/wp-json\/wp\/v2\/posts\/69348","targetHints":{"allow":["GET"]}}],"collection":[{"href":"https:\/\/www.redenoticia.com.br\/noticia\/wp-json\/wp\/v2\/posts"}],"about":[{"href":"https:\/\/www.redenoticia.com.br\/noticia\/wp-json\/wp\/v2\/types\/post"}],"author":[{"embeddable":true,"href":"https:\/\/www.redenoticia.com.br\/noticia\/wp-json\/wp\/v2\/users\/2"}],"replies":[{"embeddable":true,"href":"https:\/\/www.redenoticia.com.br\/noticia\/wp-json\/wp\/v2\/comments?post=69348"}],"version-history":[{"count":0,"href":"https:\/\/www.redenoticia.com.br\/noticia\/wp-json\/wp\/v2\/posts\/69348\/revisions"}],"wp:featuredmedia":[{"embeddable":true,"href":"https:\/\/www.redenoticia.com.br\/noticia\/wp-json\/wp\/v2\/media\/57584"}],"wp:attachment":[{"href":"https:\/\/www.redenoticia.com.br\/noticia\/wp-json\/wp\/v2\/media?parent=69348"}],"wp:term":[{"taxonomy":"category","embeddable":true,"href":"https:\/\/www.redenoticia.com.br\/noticia\/wp-json\/wp\/v2\/categories?post=69348"},{"taxonomy":"post_tag","embeddable":true,"href":"https:\/\/www.redenoticia.com.br\/noticia\/wp-json\/wp\/v2\/tags?post=69348"}],"curies":[{"name":"wp","href":"https:\/\/api.w.org\/{rel}","templated":true}]}}