{"id":69346,"date":"2015-04-20T16:57:00","date_gmt":"2015-04-20T19:57:00","guid":{"rendered":"http:\/\/www.redenoticia.com.br\/noticia\/?p=69346"},"modified":"2015-04-20T16:57:00","modified_gmt":"2015-04-20T19:57:00","slug":"balanca-comercial-registra-deficit-na-terceira-semana-de-abril","status":"publish","type":"post","link":"https:\/\/www.redenoticia.com.br\/noticia\/2015\/balanca-comercial-registra-deficit-na-terceira-semana-de-abril\/69346","title":{"rendered":"Balan\u00e7a comercial registra d\u00e9ficit na terceira semana de abril"},"content":{"rendered":"<p> A <strong><em>balan\u00e7a comercial<\/em><\/strong> registrou d\u00e9ficit de US$ 240 milh\u00f5es na terceira semana de abril. As exporta\u00e7\u00f5es totalizaram US$ 3,745 bilh\u00f5es e as importa\u00e7\u00f5es, US$ 3,985 bilh\u00f5es. Os n\u00fameros foram divulgados hoje (20) pelo Minist\u00e9rio do Desenvolvimento, Ind\u00fastria e Com\u00e9rcio Exterior.<\/p>\n<p>Entre os dias 13 e 19 de abril, as vendas para o exterior apresentaram m\u00e9dia di\u00e1ria de US$ 749 milh\u00f5es, valor 3,8% maior que o apresentado no m\u00eas de abril at\u00e9 a segunda semana (US$ 721,9 milh\u00f5es). Destacam-se as vendas brasileiras de produtos manufaturados (12,8%) \u2013 principalmente de avi\u00f5es, \u00f3xidos e hidr\u00f3xidos de alum\u00ednio, \u00f3leos combust\u00edveis, autope\u00e7as e autom\u00f3veis &#8211; e b\u00e1sicos (0,4%) &#8211; por conta da soja em gr\u00e3o, petr\u00f3leo, caf\u00e9 em gr\u00e3o e farelo de soja. As exporta\u00e7\u00f5es de produtos semimanufaturados ca\u00edram 4,8%, em virtude de couros e peles, ferroligas e ouro em forma semimanufaturada, informou o minist\u00e9rio.<\/p>\n<p>As importa\u00e7\u00f5es, na terceira semana, registraram m\u00e9dia di\u00e1ria de US$ 797 milh\u00f5es, com desempenho positivo de 13,4%, sobre a m\u00e9dia verificada nas duas primeiras semanas do m\u00eas (US$ 703 milh\u00f5es). Na compara\u00e7\u00e3o, houve aumento das compras  de combust\u00edveis e lubrificantes, equipamentos mec\u00e2nicos, aparelhos eletroeletr\u00f4nicos, ve\u00edculos autom\u00f3veis e partes, e qu\u00edmicos org\u00e2nicos e inorg\u00e2nicos.<\/p>\n<p>No m\u00eas, as exporta\u00e7\u00f5es somam US$ 8,798 bilh\u00f5es e as importa\u00e7\u00f5es, US$ 8,906 bilh\u00f5es, com saldo negativo de US$ 108 milh\u00f5es. No ano, as exporta\u00e7\u00f5es totalizam US$ 51,573 bilh\u00f5es e as importa\u00e7\u00f5es, US$ 57,238 bilh\u00f5es, com saldo negativo de US$ 5,665 bilh\u00f5es.<\/p>\n<p>Da Ag\u00eancia Brasil<br \/>\nEdi\u00e7\u00e3o: F\u00e1bio Massalli<\/p>\n","protected":false},"excerpt":{"rendered":"<p>A balan\u00e7a comercial registrou d\u00e9ficit de US$ 240 milh\u00f5es na terceira semana de abril. As exporta\u00e7\u00f5es totalizaram US$ 3,745 bilh\u00f5es e as importa\u00e7\u00f5es, US$ 3,985 bilh\u00f5es. Os n\u00fameros foram divulgados hoje (20) pelo Minist\u00e9rio do Desenvolvimento, Ind\u00fastria e Com\u00e9rcio Exterior. Entre os dias 13 e 19 de abril, as vendas para o exterior apresentaram m\u00e9dia [&hellip;]<\/p>\n","protected":false},"author":2,"featured_media":57583,"comment_status":"open","ping_status":"closed","sticky":false,"template":"","format":"standard","meta":{"_genesis_hide_title":false,"_genesis_hide_breadcrumbs":false,"_genesis_hide_singular_image":false,"_genesis_hide_footer_widgets":false,"_genesis_custom_body_class":"","_genesis_custom_post_class":"","_genesis_layout":"","_jetpack_memberships_contains_paid_content":false,"footnotes":""},"categories":[22,7],"tags":[],"class_list":{"0":"post-69346","1":"post","2":"type-post","3":"status-publish","4":"format-standard","5":"has-post-thumbnail","7":"category-brasil","8":"category-economia","9":"entry","10":"gs-1","11":"gs-odd","12":"gs-even","13":"gs-featured-content-entry"},"jetpack_featured_media_url":"https:\/\/www.redenoticia.com.br\/noticia\/imagens\/economia-grafico.jpg","jetpack_sharing_enabled":true,"jetpack_likes_enabled":true,"_links":{"self":[{"href":"https:\/\/www.redenoticia.com.br\/noticia\/wp-json\/wp\/v2\/posts\/69346","targetHints":{"allow":["GET"]}}],"collection":[{"href":"https:\/\/www.redenoticia.com.br\/noticia\/wp-json\/wp\/v2\/posts"}],"about":[{"href":"https:\/\/www.redenoticia.com.br\/noticia\/wp-json\/wp\/v2\/types\/post"}],"author":[{"embeddable":true,"href":"https:\/\/www.redenoticia.com.br\/noticia\/wp-json\/wp\/v2\/users\/2"}],"replies":[{"embeddable":true,"href":"https:\/\/www.redenoticia.com.br\/noticia\/wp-json\/wp\/v2\/comments?post=69346"}],"version-history":[{"count":0,"href":"https:\/\/www.redenoticia.com.br\/noticia\/wp-json\/wp\/v2\/posts\/69346\/revisions"}],"wp:featuredmedia":[{"embeddable":true,"href":"https:\/\/www.redenoticia.com.br\/noticia\/wp-json\/wp\/v2\/media\/57583"}],"wp:attachment":[{"href":"https:\/\/www.redenoticia.com.br\/noticia\/wp-json\/wp\/v2\/media?parent=69346"}],"wp:term":[{"taxonomy":"category","embeddable":true,"href":"https:\/\/www.redenoticia.com.br\/noticia\/wp-json\/wp\/v2\/categories?post=69346"},{"taxonomy":"post_tag","embeddable":true,"href":"https:\/\/www.redenoticia.com.br\/noticia\/wp-json\/wp\/v2\/tags?post=69346"}],"curies":[{"name":"wp","href":"https:\/\/api.w.org\/{rel}","templated":true}]}}