{"id":69340,"date":"2015-04-20T16:43:32","date_gmt":"2015-04-20T19:43:32","guid":{"rendered":"http:\/\/www.redenoticia.com.br\/noticia\/?p=69340"},"modified":"2015-04-20T16:43:32","modified_gmt":"2015-04-20T19:43:32","slug":"sao-paulo-sedia-a-world-travel-market","status":"publish","type":"post","link":"https:\/\/www.redenoticia.com.br\/noticia\/2015\/sao-paulo-sedia-a-world-travel-market\/69340","title":{"rendered":"S\u00e3o Paulo sedia a World Travel Market"},"content":{"rendered":"<p>A cidade de S\u00e3o Paulo sedia pelo terceiro ano consecutivo, a edi\u00e7\u00e3o latino-americana da <strong><em>World Travel Market<\/em><\/strong>, que acontece h\u00e1 mais de 30 anos em Londres e \u00e9 considerado um dos principais e mais respeitados eventos mundiais de turismo. Na ocasi\u00e3o, a S\u00e3o Paulo Turismo (SPTuris, empresa municipal de turismo e eventos) mostrar\u00e1 uma das boas novidades do ano para promo\u00e7\u00e3o do turismo no munic\u00edpio: o Guia da Cidade de S\u00e3o Paulo, um material completo, oficial e com distribui\u00e7\u00e3o gratuita, com os todos os principais pontos tur\u00edsticos e informa\u00e7\u00f5es da capital paulista.<\/p>\n<p>A primeira vers\u00e3o a chegar \u00e0s m\u00e3os dos visitantes da feira ser\u00e1 em portugu\u00eas\/espanhol e, posteriormente, a vers\u00e3o em ingl\u00eas tamb\u00e9m estar\u00e1 dispon\u00edvel nas Centrais de Informa\u00e7\u00e3o Tur\u00edstica (CITs) espalhadas pela cidade. O material \u00e9 totalmente novo e traz informa\u00e7\u00f5es essenciais para o visitante ou morador de S\u00e3o Paulo que deseja desfrutar a cidade como um turista, com indica\u00e7\u00f5es de hospedagem, restaurantes, bares, ag\u00eancias de turismo e passeios, telefones \u00fateis, moeda local e muito mais.<\/p>\n<p>No total, o guia de 160 p\u00e1ginas oferece informa\u00e7\u00f5es sobre 116 pontos tur\u00edsticos, subdivididos por oito regi\u00f5es. Al\u00e9m disso, destaca uma lista com 10 sugest\u00f5es de atrativos imperd\u00edveis para quem est\u00e1 na cidade e dados interessantes sobre entretenimento, cultura, vida noturna, compras e gastronomia.<\/p>\n<p>S\u00e3o Paulo na WTM<\/p>\n<p>A capital paulista ter\u00e1 um espa\u00e7o exclusivo na WTM Latin America 2015 e \u00e9 l\u00e1 que a S\u00e3o Paulo Turismo e o S\u00e3o Paulo Convention &#038; Visitors Bureau divulgar\u00e3o suas a\u00e7\u00f5es junto a outros cooperados, como Aprecesp (Associa\u00e7\u00e3o das Prefeituras das Cidades Est\u00e2ncia do Estado de S\u00e3o Paulo), Guaruj\u00e1 Convention, HB Hotels e Maksoud Plaza Hotel.<\/p>\n<p>Al\u00e9m disso, a SPTuris promover\u00e1 uma s\u00e9rie de a\u00e7\u00f5es para receber os visitantes, expositores e a imprensa. Ser\u00e1 promovido um city tour especial para os hosted buyers (compradores convidados) e jornalistas internacionais que far\u00e3o a cobertura do evento, al\u00e9m de material do destino S\u00e3o Paulo e um e-book, com toda a agenda cultural e de lazer referente ao per\u00edodo de 11 a 30 de abril, atendendo assim aos profissionais que chegar\u00e3o antes ou ficar\u00e3o ap\u00f3s a feira para outras atividades.<\/p>\n<p>Tamb\u00e9m ser\u00e1 instalada uma Central de Informa\u00e7\u00e3o Tur\u00edstica (CIT) pr\u00f3xima \u00e0 entrada da feira. No espa\u00e7o, haver\u00e1 guias, mapas e folhetos da cidade, al\u00e9m de profissionais bil\u00edng\u00fces para atender a todos que comparecerem ao evento.<\/p>\n<p>Turismo na cidade de S\u00e3o Paulo<\/p>\n<p>S\u00e3o Paulo \u00e9 o principal destino tur\u00edstico do Brasil. Em 2014 estima-se que a cidade tenha recebido mais de 15 milh\u00f5es de visitantes. O setor movimenta cerca de R$ 10 bilh\u00f5es por ano e gera mais de 400 mil empregos diretos e indiretos. Em 2014, obteve R$ 270 milh\u00f5es de arrecada\u00e7\u00e3o de ISS (Imposto Sobre Servi\u00e7os) com o grupo 13 &#8211; considerado o do turismo por conter gastos com Pacotes, Hospedagem e Eventos.<\/p>\n<p>Servi\u00e7o:<br \/>\nLocal: Expo Center Norte &#8211; S\u00e3o Paulo<br \/>\nData: de 22 a 24 de abril<br \/>\nHor\u00e1rios:<\/p>\n<p>22, Quarta-feira: 12h \u00e0s 20h<\/p>\n<p>23, Quinta-feira: 12h \u00e0s 20h<\/p>\n<p>24, Sexta-feira: 12h \u00e0s 18h<\/p>\n<p>Endere\u00e7o: Rua Jos\u00e9 Bernardo Pinto, 333 &#8211; Vila Guilherme &#8211; S\u00e3o Paulo, SP.<\/p>\n","protected":false},"excerpt":{"rendered":"<p>A cidade de S\u00e3o Paulo sedia pelo terceiro ano consecutivo, a edi\u00e7\u00e3o latino-americana da World Travel Market, que acontece h\u00e1 mais de 30 anos em Londres e \u00e9 considerado um dos principais e mais respeitados eventos mundiais de turismo. Na ocasi\u00e3o, a S\u00e3o Paulo Turismo (SPTuris, empresa municipal de turismo e eventos) mostrar\u00e1 uma das [&hellip;]<\/p>\n","protected":false},"author":2,"featured_media":39993,"comment_status":"open","ping_status":"closed","sticky":false,"template":"","format":"standard","meta":{"_genesis_hide_title":false,"_genesis_hide_breadcrumbs":false,"_genesis_hide_singular_image":false,"_genesis_hide_footer_widgets":false,"_genesis_custom_body_class":"","_genesis_custom_post_class":"","_genesis_layout":"","_jetpack_memberships_contains_paid_content":false,"footnotes":""},"categories":[22],"tags":[],"class_list":{"0":"post-69340","1":"post","2":"type-post","3":"status-publish","4":"format-standard","5":"has-post-thumbnail","7":"category-brasil","8":"entry","9":"gs-1","10":"gs-odd","11":"gs-even","12":"gs-featured-content-entry"},"jetpack_featured_media_url":"https:\/\/www.redenoticia.com.br\/noticia\/imagens\/viagem-turismo-ferias-mapa.jpg","jetpack_sharing_enabled":true,"jetpack_likes_enabled":true,"_links":{"self":[{"href":"https:\/\/www.redenoticia.com.br\/noticia\/wp-json\/wp\/v2\/posts\/69340","targetHints":{"allow":["GET"]}}],"collection":[{"href":"https:\/\/www.redenoticia.com.br\/noticia\/wp-json\/wp\/v2\/posts"}],"about":[{"href":"https:\/\/www.redenoticia.com.br\/noticia\/wp-json\/wp\/v2\/types\/post"}],"author":[{"embeddable":true,"href":"https:\/\/www.redenoticia.com.br\/noticia\/wp-json\/wp\/v2\/users\/2"}],"replies":[{"embeddable":true,"href":"https:\/\/www.redenoticia.com.br\/noticia\/wp-json\/wp\/v2\/comments?post=69340"}],"version-history":[{"count":0,"href":"https:\/\/www.redenoticia.com.br\/noticia\/wp-json\/wp\/v2\/posts\/69340\/revisions"}],"wp:featuredmedia":[{"embeddable":true,"href":"https:\/\/www.redenoticia.com.br\/noticia\/wp-json\/wp\/v2\/media\/39993"}],"wp:attachment":[{"href":"https:\/\/www.redenoticia.com.br\/noticia\/wp-json\/wp\/v2\/media?parent=69340"}],"wp:term":[{"taxonomy":"category","embeddable":true,"href":"https:\/\/www.redenoticia.com.br\/noticia\/wp-json\/wp\/v2\/categories?post=69340"},{"taxonomy":"post_tag","embeddable":true,"href":"https:\/\/www.redenoticia.com.br\/noticia\/wp-json\/wp\/v2\/tags?post=69340"}],"curies":[{"name":"wp","href":"https:\/\/api.w.org\/{rel}","templated":true}]}}