{"id":692,"date":"2009-04-18T17:24:49","date_gmt":"2009-04-18T21:24:49","guid":{"rendered":"http:\/\/www.redenoticia.com.br\/noticia\/2009\/04\/ministro-das-cidades-diz-que-mototxis-precisam-de-regulamentao\/"},"modified":"2011-03-08T10:47:35","modified_gmt":"2011-03-08T14:47:35","slug":"ministro-das-cidades-diz-que-mototxis-precisam-de-regulamentao","status":"publish","type":"post","link":"https:\/\/www.redenoticia.com.br\/noticia\/2009\/ministro-das-cidades-diz-que-mototxis-precisam-de-regulamentao\/692","title":{"rendered":"Ministro das Cidades diz que motot&aacute;xis precisam de regulamenta&ccedil;&atilde;o"},"content":{"rendered":"<p>&#160;<\/p>\n<p><a href=\"https:\/\/www.redenoticia.com.br\/noticia\/imagens\/moto3.jpg\"><img loading=\"lazy\" decoding=\"async\" title=\"moto\" style=\"border-right: 0px; border-top: 0px; display: inline; margin: 0px 45px 15px 0px; border-left: 0px; border-bottom: 0px\" height=\"161\" alt=\"moto\" src=\"https:\/\/www.redenoticia.com.br\/noticia\/imagens\/moto_thumb.jpg\" width=\"240\" align=\"left\" border=\"0\" \/><\/a> Os motot\u00e1xis e os servi\u00e7os de entrega feitos pelos motoboys precisam de regulamenta\u00e7\u00e3o, na avalia\u00e7\u00e3o do ministro das Cidades, Marcio Fortes. Para ele, \u00e9 necess\u00e1rio, por exemplo, ter regras sobre o uso de capacetes por usu\u00e1rios de mototaxi, com aten\u00e7\u00e3o para a quest\u00e3o da higiene, uma vez que v\u00e1rias pessoas usam o mesmo equipamento. O ministro tamb\u00e9m considera que \u00e9 preciso discutir limites de velocidade para os motoboys que, geralmente, t\u00eam prazo curto para fazer entregas. <\/p>\n<p>Sobre a proibi\u00e7\u00e3o de as motos trafegarem entre as faixas de tr\u00e2nsito, o ministro diz que deveria ser permitido somente quando o sinal estivesse fechado e com motos em baixa velocidade. Fortes considera que a forma como elas trafegam atualmente gera acidentes e brigas de tr\u00e2nsito. <\/p>\n<p>\u201cA moto, em princ\u00edpio, \u00e9 igual a qualquer ve\u00edculo, igual ao \u00f4nibus, igual ao caminh\u00e3o, igual a qualquer autom\u00f3vel. Se a moto tem direito de andar em cima da faixa, eu tamb\u00e9m vou ter direito de colocar meu carro ali e come\u00e7ar a dirigir com a faixa no meio do carro. Imagine que rid\u00edcula essa situa\u00e7\u00e3o.\u201d <\/p>\n<p>No \u00faltimo dia 7, foi aprovado na Comiss\u00e3o de Constitui\u00e7\u00e3o, Justi\u00e7a e Cidadania (CCJ) da C\u00e2mara dos Deputados projeto de lei que pro\u00edbe os motociclistas de trafegarem entre autom\u00f3veis, \u00f4nibus e caminh\u00f5es, o chamado \u201ccorredor\u201d, quando houver congestionamento ou sem\u00e1foros fechados. <a href=\"http:\/\/www.agenciabrasil.gov.br\/noticias\/2009\/04\/15\/materia.2009-04-15.7902023117\/view\">A proposta do deputado <\/a>Marcelo Guimar\u00e3es Filho (PFL-BA) prev\u00ea que o motociclista respeite a dist\u00e2ncia lateral de 1,5 metro dos ve\u00edculos. Para virar lei, o projeto ainda precisa de an\u00e1lise do Senado e da assinatura do presidente Luiz In\u00e1cio Lula da Silva.<\/p>\n<p>Kelly Oliveira    <br \/><i>Rep\u00f3rter da Ag\u00eancia Brasil<\/i><\/p>\n<p><a href=\"https:\/\/www.redenoticia.com.br\/noticia\/imagens\/image.png\"><img loading=\"lazy\" decoding=\"async\" title=\"image\" style=\"border-right: 0px; border-top: 0px; display: inline; border-left: 0px; border-bottom: 0px\" height=\"10\" alt=\"image\" src=\"https:\/\/www.redenoticia.com.br\/noticia\/imagens\/image_thumb.png\" width=\"160\" border=\"0\" \/><\/a><\/p>\n","protected":false},"excerpt":{"rendered":"<p>&#160; Os motot\u00e1xis e os servi\u00e7os de entrega feitos pelos motoboys precisam de regulamenta\u00e7\u00e3o, na avalia\u00e7\u00e3o do ministro das Cidades, Marcio Fortes. Para ele, \u00e9 necess\u00e1rio, por exemplo, ter regras sobre o uso de capacetes por usu\u00e1rios de mototaxi, com aten\u00e7\u00e3o para a quest\u00e3o da higiene, uma vez que v\u00e1rias pessoas usam o mesmo equipamento. [&hellip;]<\/p>\n","protected":false},"author":2,"featured_media":0,"comment_status":"open","ping_status":"open","sticky":false,"template":"","format":"standard","meta":{"_genesis_hide_title":false,"_genesis_hide_breadcrumbs":false,"_genesis_hide_singular_image":false,"_genesis_hide_footer_widgets":false,"_genesis_custom_body_class":"","_genesis_custom_post_class":"","_genesis_layout":"","_jetpack_memberships_contains_paid_content":false,"footnotes":""},"categories":[22],"tags":[],"class_list":{"0":"post-692","1":"post","2":"type-post","3":"status-publish","4":"format-standard","6":"category-brasil","7":"entry","8":"gs-1","9":"gs-odd","10":"gs-even","11":"gs-featured-content-entry"},"jetpack_featured_media_url":"","jetpack_sharing_enabled":true,"jetpack_likes_enabled":true,"_links":{"self":[{"href":"https:\/\/www.redenoticia.com.br\/noticia\/wp-json\/wp\/v2\/posts\/692","targetHints":{"allow":["GET"]}}],"collection":[{"href":"https:\/\/www.redenoticia.com.br\/noticia\/wp-json\/wp\/v2\/posts"}],"about":[{"href":"https:\/\/www.redenoticia.com.br\/noticia\/wp-json\/wp\/v2\/types\/post"}],"author":[{"embeddable":true,"href":"https:\/\/www.redenoticia.com.br\/noticia\/wp-json\/wp\/v2\/users\/2"}],"replies":[{"embeddable":true,"href":"https:\/\/www.redenoticia.com.br\/noticia\/wp-json\/wp\/v2\/comments?post=692"}],"version-history":[{"count":0,"href":"https:\/\/www.redenoticia.com.br\/noticia\/wp-json\/wp\/v2\/posts\/692\/revisions"}],"wp:attachment":[{"href":"https:\/\/www.redenoticia.com.br\/noticia\/wp-json\/wp\/v2\/media?parent=692"}],"wp:term":[{"taxonomy":"category","embeddable":true,"href":"https:\/\/www.redenoticia.com.br\/noticia\/wp-json\/wp\/v2\/categories?post=692"},{"taxonomy":"post_tag","embeddable":true,"href":"https:\/\/www.redenoticia.com.br\/noticia\/wp-json\/wp\/v2\/tags?post=692"}],"curies":[{"name":"wp","href":"https:\/\/api.w.org\/{rel}","templated":true}]}}